{"id":36466,"date":"2024-05-20T08:00:00","date_gmt":"2024-05-20T07:00:00","guid":{"rendered":"https:\/\/swissmig.wordpress.com\/?p=36466"},"modified":"2024-05-20T08:00:00","modified_gmt":"2024-05-20T07:00:00","slug":"vieillir-en-suisse-en-tant-quetranger%c2%b7ere-portraits-et-enjeux","status":"publish","type":"post","link":"https:\/\/swissmig.unine.ch\/?p=36466","title":{"rendered":"Vieillir en Suisse en tant qu\u2019\u00e9tranger\u00b7\u00e8re : portraits et enjeux"},"content":{"rendered":"<h3>Author(s) : Megane Lederrey, Aude Martenot, Elisa Turtschi<\/h3>\n<h3>Source : <a href=\"https:\/\/odae-romand.ch\/wp\/wp-content\/uploads\/2024\/01\/Rapport-thematique_web_06.02.2024.pdf\" target=\"_blank\" rel=\"noopener\">https:\/\/odae-romand.ch\/wp\/wp-content\/uploads\/2024\/01\/Rapport-thematique_web_06.02.2024.pdf<\/a><\/h3>\n<p><strong>Abstract: <\/strong><!--more--><\/p>\n<blockquote><p>&#8220;Les ressources et les conditions de vie \u00e0 l\u2019\u00e2ge de la retraite entre les personnes n\u00e9es en Suisse et celles issues de l\u2019immigration ne sont pas \u00e9gales : les s\u00e9nior\u00b7es \u00e9tranger\u00b7\u00e8res sont davantage touch\u00e9\u00b7es par la pr\u00e9carit\u00e9 et la pauvret\u00e9, parce que les permis de s\u00e9jour de ces personnes, g\u00e9n\u00e9ralement conditionn\u00e9s par l\u2019occupation d\u2019un emploi, d\u00e9limitent leur acc\u00e8s aux prestations sociales de l\u2019\u00c9tat. Alors, qu\u2019adviennent les travailleurs et travailleuses lorsqu\u2019iels vieillissent ? Lorsqu\u2019 install\u00e9\u00b7es en Suisse depuis nombre d\u2019ann\u00e9es, leurs corps ne leur permet plus d\u2019exercer leur travail sur les chantiers, dans les usines ou dans l\u2019\u00e9conomie domestique ? Le rapport regroupe les t\u00e9moignages de personnes concern\u00e9es et les analyses de professionnel\u00b7les qui \u0153uvrent \u00e0 leurs c\u00f4t\u00e9s. Il vise \u00e0 mettre en \u00e9vidence les probl\u00e9matiques rencontr\u00e9es par cette population afin de les faire exister en tant qu\u2019enjeux centraux de politiques publiques.&#8221;<\/p><\/blockquote>\n","protected":false},"excerpt":{"rendered":"<p>Author(s) : Megane Lederrey, Aude Martenot, Elisa Turtschi Source :&#8230;<\/p>\n","protected":false},"author":4,"featured_media":0,"comment_status":"open","ping_status":"open","sticky":false,"template":"","format":"standard","meta":{"_kadence_starter_templates_imported_post":false,"_kad_post_transparent":"","_kad_post_title":"","_kad_post_layout":"","_kad_post_sidebar_id":"","_kad_post_content_style":"","_kad_post_vertical_padding":"","_kad_post_feature":"","_kad_post_feature_position":"","_kad_post_header":false,"_kad_post_footer":false,"_kad_post_classname":"","jetpack_post_was_ever_published":false,"_jetpack_newsletter_access":"","_jetpack_dont_email_post_to_subs":false,"_jetpack_newsletter_tier_id":0,"_jetpack_memberships_contains_paywalled_content":false,"_jetpack_memberships_contains_paid_content":false,"footnotes":""},"categories":[24],"tags":[291,57,142,52,280,104,36,102,692,249,348,91,641],"class_list":["post-36466","post","type-post","status-publish","format-standard","hentry","category-society-family-racism","tag-291","tag-comparative-analysis","tag-elderly","tag-french-language","tag-immigration-background","tag-living-conditions","tag-migration-policy","tag-poverty","tag-public-policy","tag-report","tag-retirement","tag-social-integration","tag-social-protection"],"jetpack_featured_media_url":"","jetpack_sharing_enabled":true,"_links":{"self":[{"href":"https:\/\/swissmig.unine.ch\/index.php?rest_route=\/wp\/v2\/posts\/36466","targetHints":{"allow":["GET"]}}],"collection":[{"href":"https:\/\/swissmig.unine.ch\/index.php?rest_route=\/wp\/v2\/posts"}],"about":[{"href":"https:\/\/swissmig.unine.ch\/index.php?rest_route=\/wp\/v2\/types\/post"}],"author":[{"embeddable":true,"href":"https:\/\/swissmig.unine.ch\/index.php?rest_route=\/wp\/v2\/users\/4"}],"replies":[{"embeddable":true,"href":"https:\/\/swissmig.unine.ch\/index.php?rest_route=%2Fwp%2Fv2%2Fcomments&post=36466"}],"version-history":[{"count":0,"href":"https:\/\/swissmig.unine.ch\/index.php?rest_route=\/wp\/v2\/posts\/36466\/revisions"}],"wp:attachment":[{"href":"https:\/\/swissmig.unine.ch\/index.php?rest_route=%2Fwp%2Fv2%2Fmedia&parent=36466"}],"wp:term":[{"taxonomy":"category","embeddable":true,"href":"https:\/\/swissmig.unine.ch\/index.php?rest_route=%2Fwp%2Fv2%2Fcategories&post=36466"},{"taxonomy":"post_tag","embeddable":true,"href":"https:\/\/swissmig.unine.ch\/index.php?rest_route=%2Fwp%2Fv2%2Ftags&post=36466"}],"curies":[{"name":"wp","href":"https:\/\/api.w.org\/{rel}","templated":true}]}}