{"id":3644,"date":"2020-03-30T08:00:49","date_gmt":"2020-03-30T07:00:49","guid":{"rendered":"https:\/\/swissmig.wordpress.com\/?p=3644"},"modified":"2020-03-30T08:00:49","modified_gmt":"2020-03-30T07:00:49","slug":"attendre-lasile-dans-les-montagnes-en-valais","status":"publish","type":"post","link":"https:\/\/swissmig.unine.ch\/?p=3644","title":{"rendered":"Attendre l\u2019asile dans les montagnes en Valais"},"content":{"rendered":"<h3>Author(s) : Daniela Da Cruz Gaspar<\/h3>\n<h3>Source : <a href=\"https:\/\/www.reiso.org\/document\/3711\" target=\"_blank\" rel=\"noopener\">https:\/\/www.reiso.org\/document\/3711<\/a><\/h3>\n<p><strong>Abstract: <\/strong><!--more--><\/p>\n<blockquote><p>&#8220;Dans quatre foyers d\u2019accueil valaisans en altitude, les professionnel\u00b7le\u00b7s du travail social \u0153uvrent quotidiennement avec l\u2019attente d\u2019une d\u00e9cision f\u00e9d\u00e9rale et combattent chaque jour des pr\u00e9jug\u00e9s sur les requ\u00e9rant\u00b7e\u00b7s d\u2019asile.&#8221;<\/p><\/blockquote>\n<p>&nbsp;<\/p>\n","protected":false},"excerpt":{"rendered":"<p>Author(s) : Daniela Da Cruz Gaspar Source : https:\/\/www.reiso.org\/document\/3711 Abstract:<\/p>\n","protected":false},"author":4,"featured_media":0,"comment_status":"open","ping_status":"open","sticky":false,"template":"","format":"standard","meta":{"_kadence_starter_templates_imported_post":false,"_kad_post_transparent":"","_kad_post_title":"","_kad_post_layout":"","_kad_post_sidebar_id":"","_kad_post_content_style":"","_kad_post_vertical_padding":"","_kad_post_feature":"","_kad_post_feature_position":"","_kad_post_header":false,"_kad_post_footer":false,"_kad_post_classname":"","jetpack_post_was_ever_published":false,"_jetpack_newsletter_access":"","_jetpack_dont_email_post_to_subs":false,"_jetpack_newsletter_tier_id":0,"_jetpack_memberships_contains_paywalled_content":false,"_jetpack_memberships_contains_paid_content":false,"footnotes":""},"categories":[24],"tags":[285,7,112,50,37,52,160,154,104,617,91,340,312,401,369],"class_list":["post-3644","post","type-post","status-publish","format-standard","hentry","category-society-family-racism","tag-285","tag-article","tag-asylum-procedure","tag-asylum-seekers","tag-attitudes-towards-migrants","tag-french-language","tag-integration-programmes","tag-interviews","tag-living-conditions","tag-refugee-centres","tag-social-integration","tag-social-support","tag-social-work","tag-social-workers","tag-valais"],"jetpack_featured_media_url":"","jetpack_sharing_enabled":true,"_links":{"self":[{"href":"https:\/\/swissmig.unine.ch\/index.php?rest_route=\/wp\/v2\/posts\/3644","targetHints":{"allow":["GET"]}}],"collection":[{"href":"https:\/\/swissmig.unine.ch\/index.php?rest_route=\/wp\/v2\/posts"}],"about":[{"href":"https:\/\/swissmig.unine.ch\/index.php?rest_route=\/wp\/v2\/types\/post"}],"author":[{"embeddable":true,"href":"https:\/\/swissmig.unine.ch\/index.php?rest_route=\/wp\/v2\/users\/4"}],"replies":[{"embeddable":true,"href":"https:\/\/swissmig.unine.ch\/index.php?rest_route=%2Fwp%2Fv2%2Fcomments&post=3644"}],"version-history":[{"count":0,"href":"https:\/\/swissmig.unine.ch\/index.php?rest_route=\/wp\/v2\/posts\/3644\/revisions"}],"wp:attachment":[{"href":"https:\/\/swissmig.unine.ch\/index.php?rest_route=%2Fwp%2Fv2%2Fmedia&parent=3644"}],"wp:term":[{"taxonomy":"category","embeddable":true,"href":"https:\/\/swissmig.unine.ch\/index.php?rest_route=%2Fwp%2Fv2%2Fcategories&post=3644"},{"taxonomy":"post_tag","embeddable":true,"href":"https:\/\/swissmig.unine.ch\/index.php?rest_route=%2Fwp%2Fv2%2Ftags&post=3644"}],"curies":[{"name":"wp","href":"https:\/\/api.w.org\/{rel}","templated":true}]}}