{"id":36421,"date":"2024-04-29T08:00:00","date_gmt":"2024-04-29T07:00:00","guid":{"rendered":"https:\/\/swissmig.wordpress.com\/?p=36421"},"modified":"2024-04-29T08:00:00","modified_gmt":"2024-04-29T07:00:00","slug":"lenseignement-du-portugais-bresilien-a-geneve-une-sequence-didactique-adaptee-au-contexte-lco","status":"publish","type":"post","link":"https:\/\/swissmig.unine.ch\/?p=36421","title":{"rendered":"L&#8217;enseignement du portugais br\u00e9silien \u00e0 Gen\u00e8ve: une s\u00e9quence didactique adapt\u00e9e au contexte LCO"},"content":{"rendered":"<h3>Author(s) :\u00a0Carla Silva-Hardmeyer, Sandrine Aeby Dagh\u00e9, Ana Paula Ricciopo<\/h3>\n<h3>Source : <a href=\"https:\/\/doi.org\/10.55393\/babylonia.v1i.244\" target=\"_blank\" rel=\"noopener\">https:\/\/doi.org\/10.55393\/babylonia.v1i.244<\/a><\/h3>\n<p><strong>Abstract: <\/strong><!--more--><\/p>\n<blockquote><p>Cette contribution a pour but de discuter de la mise en \u0153uvre d\u2019un dispositif didactique visant l\u2019enseignement et l\u2019apprentissage de la lecture et de la production orale collective d\u2019une histoire dans une classe de portugais br\u00e9silien langue d\u2019origine r\u00e9unissant deux enseignantes et 8 \u00e9l\u00e8ves de 4 \u00e0 7 ans. Concr\u00e8tement, la s\u00e9quence d&#8217;enseignement d\u2019une dur\u00e9e de 4 p\u00e9riodes\/le\u00e7ons de 45 minutes porte sur deux albums de l&#8217;auteur br\u00e9silien Ziraldo et implique un travail sur la compr\u00e9hension d\u2019un album \u00ab\u00a0O Joelho Juvenal\u00a0\u00bb autour du <em>syst\u00e8me r\u00e9cit-personnages<\/em> dans enseignement d\u2019une langue d\u2019origine dans le contexte plurilingue genevois.<\/p><\/blockquote>\n","protected":false},"excerpt":{"rendered":"<p>Author(s) :\u00a0Carla Silva-Hardmeyer, Sandrine Aeby Dagh\u00e9, Ana Paula Ricciopo Source&#8230;<\/p>\n","protected":false},"author":4,"featured_media":0,"comment_status":"open","ping_status":"open","sticky":false,"template":"","format":"standard","meta":{"_kadence_starter_templates_imported_post":false,"_kad_post_transparent":"","_kad_post_title":"","_kad_post_layout":"","_kad_post_sidebar_id":"","_kad_post_content_style":"","_kad_post_vertical_padding":"","_kad_post_feature":"","_kad_post_feature_position":"","_kad_post_header":false,"_kad_post_footer":false,"_kad_post_classname":"","jetpack_post_was_ever_published":false,"_jetpack_newsletter_access":"","_jetpack_dont_email_post_to_subs":true,"_jetpack_newsletter_tier_id":0,"_jetpack_memberships_contains_paywalled_content":false,"_jetpack_memberships_contains_paid_content":false,"footnotes":""},"categories":[167],"tags":[739,7,77,52,341,161,372,140,363,68],"class_list":["post-36421","post","type-post","status-publish","format-standard","hentry","category-ethnicity-languages-religion-arts","tag-739","tag-article","tag-education-policy","tag-french-language","tag-geneva","tag-language-education","tag-multilingualism","tag-portuguese","tag-school","tag-sociolinguistics"],"jetpack_featured_media_url":"","jetpack_sharing_enabled":true,"_links":{"self":[{"href":"https:\/\/swissmig.unine.ch\/index.php?rest_route=\/wp\/v2\/posts\/36421","targetHints":{"allow":["GET"]}}],"collection":[{"href":"https:\/\/swissmig.unine.ch\/index.php?rest_route=\/wp\/v2\/posts"}],"about":[{"href":"https:\/\/swissmig.unine.ch\/index.php?rest_route=\/wp\/v2\/types\/post"}],"author":[{"embeddable":true,"href":"https:\/\/swissmig.unine.ch\/index.php?rest_route=\/wp\/v2\/users\/4"}],"replies":[{"embeddable":true,"href":"https:\/\/swissmig.unine.ch\/index.php?rest_route=%2Fwp%2Fv2%2Fcomments&post=36421"}],"version-history":[{"count":0,"href":"https:\/\/swissmig.unine.ch\/index.php?rest_route=\/wp\/v2\/posts\/36421\/revisions"}],"wp:attachment":[{"href":"https:\/\/swissmig.unine.ch\/index.php?rest_route=%2Fwp%2Fv2%2Fmedia&parent=36421"}],"wp:term":[{"taxonomy":"category","embeddable":true,"href":"https:\/\/swissmig.unine.ch\/index.php?rest_route=%2Fwp%2Fv2%2Fcategories&post=36421"},{"taxonomy":"post_tag","embeddable":true,"href":"https:\/\/swissmig.unine.ch\/index.php?rest_route=%2Fwp%2Fv2%2Ftags&post=36421"}],"curies":[{"name":"wp","href":"https:\/\/api.w.org\/{rel}","templated":true}]}}