{"id":36418,"date":"2024-04-29T08:00:00","date_gmt":"2024-04-29T07:00:00","guid":{"rendered":"https:\/\/swissmig.wordpress.com\/?p=36418"},"modified":"2024-04-29T08:00:00","modified_gmt":"2024-04-29T07:00:00","slug":"lenfance-niee-en-suisse-perspectives-historiques","status":"publish","type":"post","link":"https:\/\/swissmig.unine.ch\/?p=36418","title":{"rendered":"L&#8217;enfance ni\u00e9e en Suisse : perspectives historiques"},"content":{"rendered":"<h3>Author(s) :\u00a0Toni Ricciardi<\/h3>\n<h3>Source : <a href=\"https:\/\/archive-ouverte.unige.ch\/unige:120734\" target=\"_blank\" rel=\"noopener\">https:\/\/archive-ouverte.unige.ch\/unige:120734<\/a><\/h3>\n<p><strong>Abstract: <\/strong><!--more--><\/p>\n<blockquote><p>L\u2019analyse de la question du regroupement familial en se focalisant sur l\u2019immigration italienne en Suisse d\u00e8s la Seconde Guerre mondiale permet d\u2019\u00e9largir le champ p\u00e9dagogique de la question de<br \/>\nl\u2019enfance et de l\u2019approche adopt\u00e9e vis-\u00e0-vis des enfants issus de la migration. Le droit de l\u2019enfant et le devoir de prot\u00e9ger ce groupe nous obligent \u00e0 des questions : pourquoi le droit de l\u2019enfant a-t-il \u00e9t\u00e9 ni\u00e9 \u00e0 de larges couches de la population jusqu\u2019aux ann\u00e9es 1980 dans un pays o\u00f9 de nombreux trait\u00e9s ayant reconnu et l\u00e9gitim\u00e9 les droits universels de la personne ont \u00e9t\u00e9 sign\u00e9s ? Comment peut-on imaginer la construction d\u2019un syst\u00e8me d\u2019importation de main-d\u2019\u0153uvre sans assurer aux enfants des travailleurs migrants des droits fondamentaux ?<\/p><\/blockquote>\n","protected":false},"excerpt":{"rendered":"<p>Author(s) :\u00a0Toni Ricciardi Source : https:\/\/archive-ouverte.unige.ch\/unige:120734 Abstract:<\/p>\n","protected":false},"author":4,"featured_media":0,"comment_status":"open","ping_status":"open","sticky":false,"template":"","format":"standard","meta":{"_kadence_starter_templates_imported_post":false,"_kad_post_transparent":"","_kad_post_title":"","_kad_post_layout":"","_kad_post_sidebar_id":"","_kad_post_content_style":"","_kad_post_vertical_padding":"","_kad_post_feature":"","_kad_post_feature_position":"","_kad_post_header":false,"_kad_post_footer":false,"_kad_post_classname":"","jetpack_post_was_ever_published":false,"_jetpack_newsletter_access":"","_jetpack_dont_email_post_to_subs":true,"_jetpack_newsletter_tier_id":0,"_jetpack_memberships_contains_paywalled_content":false,"_jetpack_memberships_contains_paid_content":false,"footnotes":""},"categories":[24],"tags":[582,32,318,307,147,52,87,271,220,402,262,158],"class_list":["post-36418","post","type-post","status-publish","format-standard","hentry","category-society-family-racism","tag-582","tag-book-chapter","tag-children","tag-civil-and-political-rights","tag-family-reunification","tag-french-language","tag-history","tag-human-rights-violations","tag-seasonal-workers","tag-temporary-admission","tag-undocumented-immigrants","tag-working-conditions"],"jetpack_featured_media_url":"","jetpack_sharing_enabled":true,"_links":{"self":[{"href":"https:\/\/swissmig.unine.ch\/index.php?rest_route=\/wp\/v2\/posts\/36418","targetHints":{"allow":["GET"]}}],"collection":[{"href":"https:\/\/swissmig.unine.ch\/index.php?rest_route=\/wp\/v2\/posts"}],"about":[{"href":"https:\/\/swissmig.unine.ch\/index.php?rest_route=\/wp\/v2\/types\/post"}],"author":[{"embeddable":true,"href":"https:\/\/swissmig.unine.ch\/index.php?rest_route=\/wp\/v2\/users\/4"}],"replies":[{"embeddable":true,"href":"https:\/\/swissmig.unine.ch\/index.php?rest_route=%2Fwp%2Fv2%2Fcomments&post=36418"}],"version-history":[{"count":0,"href":"https:\/\/swissmig.unine.ch\/index.php?rest_route=\/wp\/v2\/posts\/36418\/revisions"}],"wp:attachment":[{"href":"https:\/\/swissmig.unine.ch\/index.php?rest_route=%2Fwp%2Fv2%2Fmedia&parent=36418"}],"wp:term":[{"taxonomy":"category","embeddable":true,"href":"https:\/\/swissmig.unine.ch\/index.php?rest_route=%2Fwp%2Fv2%2Fcategories&post=36418"},{"taxonomy":"post_tag","embeddable":true,"href":"https:\/\/swissmig.unine.ch\/index.php?rest_route=%2Fwp%2Fv2%2Ftags&post=36418"}],"curies":[{"name":"wp","href":"https:\/\/api.w.org\/{rel}","templated":true}]}}