{"id":36415,"date":"2024-04-29T08:00:00","date_gmt":"2024-04-29T07:00:00","guid":{"rendered":"https:\/\/swissmig.wordpress.com\/?p=36415"},"modified":"2024-04-29T08:00:00","modified_gmt":"2024-04-29T07:00:00","slug":"vous-etes-profondement-attaches-a-la-terre-qui-vous-a-accueilli-un-cas-de-colonisation-informelle-la-suisse-comme-agent-colonisateur","status":"publish","type":"post","link":"https:\/\/swissmig.unine.ch\/?p=36415","title":{"rendered":"\u201cVous \u00eates profond\u00e9ment attach\u00e9s \u00e0 la terre qui vous a accueilli\u201d. Un cas de colonisation informelle: la Suisse comme agent colonisateur"},"content":{"rendered":"<h3>Author(s) :\u00a0Marisa Fois<\/h3>\n<h3>Source : <a href=\"https:\/\/www.unige.ch\/sciences-societe\/socio\/files\/7815\/6164\/4760\/Sociograph_42_web.pdf\" target=\"_blank\" rel=\"noopener\">https:\/\/www.unige.ch\/sciences-societe\/socio\/files\/7815\/6164\/4760\/Sociograph_42_web.pdf<\/a><\/h3>\n<p><strong>Abstract: <\/strong><!--more--><\/p>\n<blockquote><p>&#8220;En septembre 1961, tandis que le Gouvernement f\u00e9d\u00e9ral participait activement \u00e0 la n\u00e9gociation entre la France et le Gouvernement provisoire de la R\u00e9publique Alg\u00e9rienne (GPRA), en exer\u00e7ant d\u2019une mani\u00e8re concr\u00e8te son poids diplomatique, la presse rapporte l\u2019histoire d\u2019un \u00e9chantillon repr\u00e9sentatif de la pr\u00e9sence suisse en Alg\u00e9rie et t\u00e9moigne du lien de la communaut\u00e9 avec le territoire nord-africain.&#8221;<\/p><\/blockquote>\n","protected":false},"excerpt":{"rendered":"<p>Author(s) :\u00a0Marisa Fois Source : https:\/\/www.unige.ch\/sciences-societe\/socio\/files\/7815\/6164\/4760\/Sociograph_42_web.pdf Abstract:<\/p>\n","protected":false},"author":4,"featured_media":0,"comment_status":"open","ping_status":"open","sticky":false,"template":"","format":"standard","meta":{"_kadence_starter_templates_imported_post":false,"_kad_post_transparent":"","_kad_post_title":"","_kad_post_layout":"","_kad_post_sidebar_id":"","_kad_post_content_style":"","_kad_post_vertical_padding":"","_kad_post_feature":"","_kad_post_feature_position":"","_kad_post_header":false,"_kad_post_footer":false,"_kad_post_classname":"","jetpack_post_was_ever_published":false,"_jetpack_newsletter_access":"","_jetpack_dont_email_post_to_subs":true,"_jetpack_newsletter_tier_id":0,"_jetpack_memberships_contains_paywalled_content":false,"_jetpack_memberships_contains_paid_content":false,"footnotes":""},"categories":[35],"tags":[582,615,32,545,775,137,52,104,279],"class_list":["post-36415","post","type-post","status-publish","format-standard","hentry","category-history","tag-582","tag-algeria","tag-book-chapter","tag-colonialism","tag-decolonisation","tag-emigration","tag-french-language","tag-living-conditions","tag-socioeconomic-factors"],"jetpack_featured_media_url":"","jetpack_sharing_enabled":true,"_links":{"self":[{"href":"https:\/\/swissmig.unine.ch\/index.php?rest_route=\/wp\/v2\/posts\/36415","targetHints":{"allow":["GET"]}}],"collection":[{"href":"https:\/\/swissmig.unine.ch\/index.php?rest_route=\/wp\/v2\/posts"}],"about":[{"href":"https:\/\/swissmig.unine.ch\/index.php?rest_route=\/wp\/v2\/types\/post"}],"author":[{"embeddable":true,"href":"https:\/\/swissmig.unine.ch\/index.php?rest_route=\/wp\/v2\/users\/4"}],"replies":[{"embeddable":true,"href":"https:\/\/swissmig.unine.ch\/index.php?rest_route=%2Fwp%2Fv2%2Fcomments&post=36415"}],"version-history":[{"count":0,"href":"https:\/\/swissmig.unine.ch\/index.php?rest_route=\/wp\/v2\/posts\/36415\/revisions"}],"wp:attachment":[{"href":"https:\/\/swissmig.unine.ch\/index.php?rest_route=%2Fwp%2Fv2%2Fmedia&parent=36415"}],"wp:term":[{"taxonomy":"category","embeddable":true,"href":"https:\/\/swissmig.unine.ch\/index.php?rest_route=%2Fwp%2Fv2%2Fcategories&post=36415"},{"taxonomy":"post_tag","embeddable":true,"href":"https:\/\/swissmig.unine.ch\/index.php?rest_route=%2Fwp%2Fv2%2Ftags&post=36415"}],"curies":[{"name":"wp","href":"https:\/\/api.w.org\/{rel}","templated":true}]}}