{"id":36410,"date":"2024-04-29T08:00:00","date_gmt":"2024-04-29T07:00:00","guid":{"rendered":"https:\/\/swissmig.wordpress.com\/?p=36410"},"modified":"2024-04-29T08:00:00","modified_gmt":"2024-04-29T07:00:00","slug":"familles-italiennes-en-suisse-entre-placements-extrafamiliaux-et-enfances-niees","status":"publish","type":"post","link":"https:\/\/swissmig.unine.ch\/?p=36410","title":{"rendered":"Familles italiennes en Suisse. Entre placements extrafamiliaux et enfances ni\u00e9es"},"content":{"rendered":"<h3>Author(s) : Toni Ricciardi, Marco Nardone, Sandro Cattacin<\/h3>\n<h3>Source : <a href=\"https:\/\/archive-ouverte.unige.ch\/unige:175813\" target=\"_blank\" rel=\"noopener\">https:\/\/archive-ouverte.unige.ch\/unige:175813<\/a><\/h3>\n<p><strong>Abstract:<br \/>\n<\/strong><\/p>\n<p>&#8220;Le deuxi\u00e8me texte figurant dans la troisi\u00e8me partie de ce livre \u00e9claire une r\u00e9alit\u00e9 moins connue de la migration et, indirectement, du statut de saisonnier en Suisse. Les conditions strictes de ce statut visaient \u00e0 emp\u00eacher le regroupement familial. Les couples de saisonniers ayant un ou plusieurs enfants ne pouvaient vivre en Suisse avec le reste de leur famille. Certains enfants en bas \u00e2ge ont d\u00e8s lors \u00e9t\u00e9 plac\u00e9s en institution. D\u2019autres sont demeur\u00e9s au pays sous la garde du reste de la famille. Un nombre cons\u00e9quent d\u2019enfants a n\u00e9anmoins \u00e9t\u00e9 contraint d\u2019habiter clandestinement en Suisse durant plusieurs ann\u00e9es de leur existence.<\/p>\n<div class=\"info-wrapper ng-star-inserted\">\n<div class=\"info no-icon\">\n<div class=\"label-value-wrapper label-above-value\">\n<p>Ces enfants ne pouvaient que rarement \u00eatre scolaris\u00e9s lorsque les parents travaillaient avec le statut de saisonnier. Leur condition de clandestins leur valait de demeurer cach\u00e9s et discrets autant durant l\u2019absence de leurs parents partis travailler que lorsque la famille \u00e9tait r\u00e9unie. Ils \u00e9taient tr\u00e8s t\u00f4t familiaris\u00e9s avec la discr\u00e9tion, de fa\u00e7on \u00e0 ne pas r\u00e9v\u00e9ler leur existence. Des institutions sp\u00e9cifiques pour l\u2019accueil et l\u2019h\u00e9bergement des enfants concern\u00e9s avaient \u00e9t\u00e9 cr\u00e9\u00e9es dans les r\u00e9gions frontali\u00e8res de la Suisse. Les r\u00e9sultats obtenus par Ricciardi et al. (2024) permettent d\u2019interroger fondamentalement le rapport de force in\u00e9gal entre les int\u00e9r\u00eats \u00e9conomiques et la protection des droits de l\u2019enfance.&#8221;<\/p>\n<\/div>\n<\/div>\n<\/div>\n","protected":false},"excerpt":{"rendered":"<p>Author(s) : Toni Ricciardi, Marco Nardone, Sandro Cattacin Source :&#8230;<\/p>\n","protected":false},"author":4,"featured_media":0,"comment_status":"open","ping_status":"open","sticky":false,"template":"","format":"standard","meta":{"_kadence_starter_templates_imported_post":false,"_kad_post_transparent":"","_kad_post_title":"","_kad_post_layout":"","_kad_post_sidebar_id":"","_kad_post_content_style":"","_kad_post_vertical_padding":"","_kad_post_feature":"","_kad_post_feature_position":"","_kad_post_header":false,"_kad_post_footer":false,"_kad_post_classname":"","jetpack_post_was_ever_published":false,"_jetpack_newsletter_access":"","_jetpack_dont_email_post_to_subs":false,"_jetpack_newsletter_tier_id":0,"_jetpack_memberships_contains_paywalled_content":false,"_jetpack_memberships_contains_paid_content":false,"footnotes":""},"categories":[35],"tags":[291,32,318,79,147,52,271,294,104,356,402,245,262],"class_list":["post-36410","post","type-post","status-publish","format-standard","hentry","category-history","tag-291","tag-book-chapter","tag-children","tag-equal-opportunities","tag-family-reunification","tag-french-language","tag-human-rights-violations","tag-irregular-migration","tag-living-conditions","tag-migratory-status","tag-temporary-admission","tag-temporary-migration","tag-undocumented-immigrants"],"jetpack_featured_media_url":"","jetpack_sharing_enabled":true,"_links":{"self":[{"href":"https:\/\/swissmig.unine.ch\/index.php?rest_route=\/wp\/v2\/posts\/36410","targetHints":{"allow":["GET"]}}],"collection":[{"href":"https:\/\/swissmig.unine.ch\/index.php?rest_route=\/wp\/v2\/posts"}],"about":[{"href":"https:\/\/swissmig.unine.ch\/index.php?rest_route=\/wp\/v2\/types\/post"}],"author":[{"embeddable":true,"href":"https:\/\/swissmig.unine.ch\/index.php?rest_route=\/wp\/v2\/users\/4"}],"replies":[{"embeddable":true,"href":"https:\/\/swissmig.unine.ch\/index.php?rest_route=%2Fwp%2Fv2%2Fcomments&post=36410"}],"version-history":[{"count":0,"href":"https:\/\/swissmig.unine.ch\/index.php?rest_route=\/wp\/v2\/posts\/36410\/revisions"}],"wp:attachment":[{"href":"https:\/\/swissmig.unine.ch\/index.php?rest_route=%2Fwp%2Fv2%2Fmedia&parent=36410"}],"wp:term":[{"taxonomy":"category","embeddable":true,"href":"https:\/\/swissmig.unine.ch\/index.php?rest_route=%2Fwp%2Fv2%2Fcategories&post=36410"},{"taxonomy":"post_tag","embeddable":true,"href":"https:\/\/swissmig.unine.ch\/index.php?rest_route=%2Fwp%2Fv2%2Ftags&post=36410"}],"curies":[{"name":"wp","href":"https:\/\/api.w.org\/{rel}","templated":true}]}}