{"id":36376,"date":"2024-04-15T08:00:00","date_gmt":"2024-04-15T07:00:00","guid":{"rendered":"https:\/\/swissmig.wordpress.com\/?p=36376"},"modified":"2024-04-15T08:00:00","modified_gmt":"2024-04-15T07:00:00","slug":"la-premiere-colonie-libre-italienne-de-lausanne-1943-1950","status":"publish","type":"post","link":"https:\/\/swissmig.unine.ch\/?p=36376","title":{"rendered":"La premi\u00e8re colonie libre italienne de Lausanne (1943-1950)"},"content":{"rendered":"<h3>Author(s) : Claude Cantini<\/h3>\n<h3>Source: <a href=\"https:\/\/doi.org\/10.5169\/seals-520213\" target=\"_blank\" rel=\"noopener\">https:\/\/doi.org\/10.5169\/seals-520213<\/a><\/h3>\n<p><strong>Abstract: <br \/><\/strong><!--more--><\/p>\n\n\n<p>&#8220;Contrairement \u00e0 Gen\u00e8ve, Lugano et Zurich, o\u00f9 des groupements antifascistes ont \u00e9t\u00e9 cr\u00e9\u00e9s quelques ann\u00e9es auparavant par I&#8217;\u00e9migration italienne, la Colonia Libera italiana de Lausanne &#8211; dont les pr\u00e9mices se mettent en place d\u00e8s septembre 1943, avec la chute de Mussolini &#8211; est, en ce qui concerne les ann\u00e9es quarante, la toute premi\u00e8re organisation antifasciste italienne du chef-lieu vaudois. Elle repr\u00e9sentera en outre et pendant des ann\u00e9es la seule organisation antifasciste parmi celles, nombreuses (Dante Alighieri, Missione Cattolica, Associazione Combattenti, etc.) et plus ou moins compromises avec le r\u00e9gime de Mussolini (dont l&#8217;expression la plus visible, le fascio, avait d\u00e9sormais cess\u00e9 d&#8217;exister), qui continuent \u00e0 offrir aux 3600 Italiens vivant \u00e0 Lausanne la possibilit\u00e9<br>d&#8217;une activit\u00e9 associative.&#8221;<\/p>\n\n\n\n<p><\/p>\n","protected":false},"excerpt":{"rendered":"<p>Author(s) : Claude Cantini Source: https:\/\/doi.org\/10.5169\/seals-520213 Abstract:<\/p>\n","protected":false},"author":4,"featured_media":0,"comment_status":"open","ping_status":"open","sticky":false,"template":"","format":"standard","meta":{"_kadence_starter_templates_imported_post":false,"_kad_post_transparent":"","_kad_post_title":"","_kad_post_layout":"","_kad_post_sidebar_id":"","_kad_post_content_style":"","_kad_post_vertical_padding":"","_kad_post_feature":"","_kad_post_feature_position":"","_kad_post_header":false,"_kad_post_footer":false,"_kad_post_classname":"","jetpack_post_was_ever_published":false,"_jetpack_newsletter_access":"","_jetpack_dont_email_post_to_subs":true,"_jetpack_newsletter_tier_id":0,"_jetpack_memberships_contains_paywalled_content":false,"_jetpack_memberships_contains_paid_content":false,"footnotes":""},"categories":[35],"tags":[234,773,7,119,37,70,52,133,175,482,123,124,370,384],"class_list":["post-36376","post","type-post","status-publish","format-standard","hentry","category-history","tag-234","tag-anti-fascism","tag-article","tag-associations","tag-attitudes-towards-migrants","tag-citizenship","tag-french-language","tag-immigrant-policy","tag-italians","tag-lausanne","tag-political-participation","tag-protest-movements","tag-vaud","tag-workers"],"jetpack_featured_media_url":"","jetpack_sharing_enabled":true,"_links":{"self":[{"href":"https:\/\/swissmig.unine.ch\/index.php?rest_route=\/wp\/v2\/posts\/36376","targetHints":{"allow":["GET"]}}],"collection":[{"href":"https:\/\/swissmig.unine.ch\/index.php?rest_route=\/wp\/v2\/posts"}],"about":[{"href":"https:\/\/swissmig.unine.ch\/index.php?rest_route=\/wp\/v2\/types\/post"}],"author":[{"embeddable":true,"href":"https:\/\/swissmig.unine.ch\/index.php?rest_route=\/wp\/v2\/users\/4"}],"replies":[{"embeddable":true,"href":"https:\/\/swissmig.unine.ch\/index.php?rest_route=%2Fwp%2Fv2%2Fcomments&post=36376"}],"version-history":[{"count":0,"href":"https:\/\/swissmig.unine.ch\/index.php?rest_route=\/wp\/v2\/posts\/36376\/revisions"}],"wp:attachment":[{"href":"https:\/\/swissmig.unine.ch\/index.php?rest_route=%2Fwp%2Fv2%2Fmedia&parent=36376"}],"wp:term":[{"taxonomy":"category","embeddable":true,"href":"https:\/\/swissmig.unine.ch\/index.php?rest_route=%2Fwp%2Fv2%2Fcategories&post=36376"},{"taxonomy":"post_tag","embeddable":true,"href":"https:\/\/swissmig.unine.ch\/index.php?rest_route=%2Fwp%2Fv2%2Ftags&post=36376"}],"curies":[{"name":"wp","href":"https:\/\/api.w.org\/{rel}","templated":true}]}}