{"id":36373,"date":"2024-04-15T08:00:00","date_gmt":"2024-04-15T07:00:00","guid":{"rendered":"https:\/\/swissmig.wordpress.com\/?p=36373"},"modified":"2024-04-15T08:00:00","modified_gmt":"2024-04-15T07:00:00","slug":"la-porte-se-ferme-la-suisse-et-le-probleme-de-limmigration-juive-en-1938","status":"publish","type":"post","link":"https:\/\/swissmig.unine.ch\/?p=36373","title":{"rendered":"La porte se ferme : la Suisse et le probl\u00e8me de l&#8217;immigration juive en 1938"},"content":{"rendered":"<h3>Author(s) : Daniel Bourgeois<\/h3>\n<h3>Source: <a href=\"https:\/\/www.jstor.org\/stable\/45344111\" target=\"_blank\" rel=\"noopener\">https:\/\/www.jstor.org\/stable\/45344111<\/a><\/h3>\n<p><strong>Abstract: <br \/><\/strong><!--more--><\/p>\n\n\n<p>&#8220;Voici juste un demi-si\u00e8cle que le IIIe Reich annexait l&#8217;Autriche et ouvrait, ce faisant, le probl\u00e8me de l&#8217;\u00e9migration de la population juive autrichienne. Parmi les pays d&#8217;accueil entrant en consid\u00e9ration, m\u00eame provisoirement, la Suisse offrait certainement des avantages, notamment sur les plans linguistiques et culturels.&#8221;<\/p>\n\n\n\n<p><\/p>\n","protected":false},"excerpt":{"rendered":"<p>Author(s) : Daniel Bourgeois Source: https:\/\/www.jstor.org\/stable\/45344111 Abstract:<\/p>\n","protected":false},"author":4,"featured_media":0,"comment_status":"open","ping_status":"open","sticky":false,"template":"","format":"standard","meta":{"_kadence_starter_templates_imported_post":false,"_kad_post_transparent":"","_kad_post_title":"","_kad_post_layout":"","_kad_post_sidebar_id":"","_kad_post_content_style":"","_kad_post_vertical_padding":"","_kad_post_feature":"","_kad_post_feature_position":"","_kad_post_header":false,"_kad_post_footer":false,"_kad_post_classname":"","jetpack_post_was_ever_published":false,"_jetpack_newsletter_access":"","_jetpack_dont_email_post_to_subs":true,"_jetpack_newsletter_tier_id":0,"_jetpack_memberships_contains_paywalled_content":false,"_jetpack_memberships_contains_paid_content":false,"footnotes":""},"categories":[35],"tags":[614,365,37,137,613,52,133,366,90,198],"class_list":["post-36373","post","type-post","status-publish","format-standard","hentry","category-history","tag-614","tag-anti-semitism","tag-attitudes-towards-migrants","tag-emigration","tag-forced-migration","tag-french-language","tag-immigrant-policy","tag-jews","tag-reception-policy","tag-second-world-war"],"jetpack_featured_media_url":"","jetpack_sharing_enabled":true,"_links":{"self":[{"href":"https:\/\/swissmig.unine.ch\/index.php?rest_route=\/wp\/v2\/posts\/36373","targetHints":{"allow":["GET"]}}],"collection":[{"href":"https:\/\/swissmig.unine.ch\/index.php?rest_route=\/wp\/v2\/posts"}],"about":[{"href":"https:\/\/swissmig.unine.ch\/index.php?rest_route=\/wp\/v2\/types\/post"}],"author":[{"embeddable":true,"href":"https:\/\/swissmig.unine.ch\/index.php?rest_route=\/wp\/v2\/users\/4"}],"replies":[{"embeddable":true,"href":"https:\/\/swissmig.unine.ch\/index.php?rest_route=%2Fwp%2Fv2%2Fcomments&post=36373"}],"version-history":[{"count":0,"href":"https:\/\/swissmig.unine.ch\/index.php?rest_route=\/wp\/v2\/posts\/36373\/revisions"}],"wp:attachment":[{"href":"https:\/\/swissmig.unine.ch\/index.php?rest_route=%2Fwp%2Fv2%2Fmedia&parent=36373"}],"wp:term":[{"taxonomy":"category","embeddable":true,"href":"https:\/\/swissmig.unine.ch\/index.php?rest_route=%2Fwp%2Fv2%2Fcategories&post=36373"},{"taxonomy":"post_tag","embeddable":true,"href":"https:\/\/swissmig.unine.ch\/index.php?rest_route=%2Fwp%2Fv2%2Ftags&post=36373"}],"curies":[{"name":"wp","href":"https:\/\/api.w.org\/{rel}","templated":true}]}}