{"id":36370,"date":"2024-04-15T08:00:00","date_gmt":"2024-04-15T07:00:00","guid":{"rendered":"https:\/\/swissmig.wordpress.com\/?p=36370"},"modified":"2024-04-15T08:00:00","modified_gmt":"2024-04-15T07:00:00","slug":"neokorporatismus-in-der-schweiz-die-fremdarbeiterpolitik","status":"publish","type":"post","link":"https:\/\/swissmig.unine.ch\/?p=36370","title":{"rendered":"Neokorporatismus in der Schweiz : die Fremdarbeiterpolitik"},"content":{"rendered":"<h3>Author(s) :\u00a0Sandro Cattacin<\/h3>\n<h3>Source : <a href=\"https:\/\/archive-ouverte.unige.ch\/unige:160379\" target=\"_blank\" rel=\"noopener\">https:\/\/archive-ouverte.unige.ch\/unige:160379<\/a><\/h3>\n<p><strong>Abstract: <\/strong><!--more--><\/p>\n<blockquote><p>&#8220;Die internationale Diskussion \u00fcber den &#8220;Neokorporatismus&#8221; hat auch in der Schweiz zu empirischen Arbeiten gef\u00fchrt. Die Forschungsstelle f\u00fcr Politische Wissenschaft in Z\u00fcrich ist in den letzten Jahren im Rahmen eines vom Schweizerischen Nationalfonds geforderten Forschungsprojekts der Frage nachgegangen, inwieweit auch in diesem Lande neokorporatistische Elemente der Politikformulierung und des Vollzugs vorkommen, wie sich diese zu den parlamentarischen, den direkt-demokratischen und den foderalistischen Strukturen und Prozessen verhalten und welche Folgen allenfalls damit verbunden sind.&#8221;<\/p><\/blockquote>\n","protected":false},"excerpt":{"rendered":"<p>Author(s) :\u00a0Sandro Cattacin Source : https:\/\/archive-ouverte.unige.ch\/unige:160379 Abstract:<\/p>\n","protected":false},"author":4,"featured_media":0,"comment_status":"open","ping_status":"open","sticky":false,"template":"","format":"standard","meta":{"_kadence_starter_templates_imported_post":false,"_kad_post_transparent":"","_kad_post_title":"","_kad_post_layout":"","_kad_post_sidebar_id":"","_kad_post_content_style":"","_kad_post_vertical_padding":"","_kad_post_feature":"","_kad_post_feature_position":"","_kad_post_header":false,"_kad_post_footer":false,"_kad_post_classname":"","jetpack_post_was_ever_published":false,"_jetpack_newsletter_access":"","_jetpack_dont_email_post_to_subs":true,"_jetpack_newsletter_tier_id":0,"_jetpack_memberships_contains_paywalled_content":false,"_jetpack_memberships_contains_paid_content":false,"footnotes":""},"categories":[12],"tags":[431,252,73,302,36,89,206,326,94,249,327],"class_list":["post-36370","post","type-post","status-publish","format-standard","hentry","category-politics","tag-431","tag-democracy","tag-german-language","tag-governance","tag-migration-policy","tag-national-research-program","tag-political-activities","tag-political-representation","tag-political-system","tag-report","tag-research"],"jetpack_featured_media_url":"","jetpack_sharing_enabled":true,"_links":{"self":[{"href":"https:\/\/swissmig.unine.ch\/index.php?rest_route=\/wp\/v2\/posts\/36370","targetHints":{"allow":["GET"]}}],"collection":[{"href":"https:\/\/swissmig.unine.ch\/index.php?rest_route=\/wp\/v2\/posts"}],"about":[{"href":"https:\/\/swissmig.unine.ch\/index.php?rest_route=\/wp\/v2\/types\/post"}],"author":[{"embeddable":true,"href":"https:\/\/swissmig.unine.ch\/index.php?rest_route=\/wp\/v2\/users\/4"}],"replies":[{"embeddable":true,"href":"https:\/\/swissmig.unine.ch\/index.php?rest_route=%2Fwp%2Fv2%2Fcomments&post=36370"}],"version-history":[{"count":0,"href":"https:\/\/swissmig.unine.ch\/index.php?rest_route=\/wp\/v2\/posts\/36370\/revisions"}],"wp:attachment":[{"href":"https:\/\/swissmig.unine.ch\/index.php?rest_route=%2Fwp%2Fv2%2Fmedia&parent=36370"}],"wp:term":[{"taxonomy":"category","embeddable":true,"href":"https:\/\/swissmig.unine.ch\/index.php?rest_route=%2Fwp%2Fv2%2Fcategories&post=36370"},{"taxonomy":"post_tag","embeddable":true,"href":"https:\/\/swissmig.unine.ch\/index.php?rest_route=%2Fwp%2Fv2%2Ftags&post=36370"}],"curies":[{"name":"wp","href":"https:\/\/api.w.org\/{rel}","templated":true}]}}