{"id":36344,"date":"2024-04-08T08:00:00","date_gmt":"2024-04-08T07:00:00","guid":{"rendered":"https:\/\/swissmig.wordpress.com\/?p=36344"},"modified":"2024-04-08T08:00:00","modified_gmt":"2024-04-08T07:00:00","slug":"le-devoir-de-juger-une-affaire-de-foulard","status":"publish","type":"post","link":"https:\/\/swissmig.unine.ch\/?p=36344","title":{"rendered":"Le devoir de juger. (Une affaire de foulard)"},"content":{"rendered":"<h3>Author(s) : William Ossipow<\/h3>\n<h3>Source: <a href=\"https:\/\/archive-ouverte.unige.ch\/unige:109896\" target=\"_blank\" rel=\"noopener\">https:\/\/archive-ouverte.unige.ch\/unige:109896<\/a><\/h3>\n<p><strong>Abstract: <br \/><\/strong><!--more--><\/p>\n\n\n<p>Cet article prend appui sur une histoire qui occupa la chronique genevoise pendant quelques ann\u00e9es : une institutrice, travaillant au D\u00e9partement de l&#8217;instruction publique du canton de Gen\u00e8ve, convertie \u00e0 l&#8217;Islam, affirmait sa volont\u00e9 de donner la classe rev\u00eatue du foulard islamique. Le D\u00e9partement lui signifia son opposition et son interdiction de le faire. Il s&#8217;en suivit une longue controverse judiciaire dont le point final fut une d\u00e9cision de la Cour europ\u00e9enne des droits de l&#8217;homme, qui donnait raison au gouvernement genevois et confirmait l&#8217;interdiction. Le pr\u00e9sent travail n&#8217;aborde pas les questions de droit impliqu\u00e9es dans cette affaire mais tente d&#8217;analyser les pr\u00e9suppos\u00e9s et les implications des divers arguments invoqu\u00e9s par les parties et cela du point de vue de la th\u00e9orie politique, en particulier du point de vue des th\u00e9ories lib\u00e9rales et communautariennes.<\/p>\n\n\n\n<p><strong>Mots-cl\u00e9s <\/strong>: Foulard islamique, Lib\u00e9ralisme, Communautarisme, Identit\u00e9, Citoyennet\u00e9<\/p>\n\n\n\n<p><\/p>\n","protected":false},"excerpt":{"rendered":"<p>Author(s) : William Ossipow Source: https:\/\/archive-ouverte.unige.ch\/unige:109896 Abstract:<\/p>\n","protected":false},"author":4,"featured_media":0,"comment_status":"open","ping_status":"open","sticky":false,"template":"","format":"standard","meta":{"_kadence_starter_templates_imported_post":false,"_kad_post_transparent":"","_kad_post_title":"","_kad_post_layout":"","_kad_post_sidebar_id":"","_kad_post_content_style":"","_kad_post_vertical_padding":"","_kad_post_feature":"","_kad_post_feature_position":"","_kad_post_header":false,"_kad_post_footer":false,"_kad_post_classname":"","jetpack_post_was_ever_published":false,"_jetpack_newsletter_access":"","_jetpack_dont_email_post_to_subs":true,"_jetpack_newsletter_tier_id":0,"_jetpack_memberships_contains_paywalled_content":false,"_jetpack_memberships_contains_paid_content":false,"footnotes":""},"categories":[53],"tags":[534,37,32,70,151,52,341,80,133,223,303,168,201,158],"class_list":["post-36344","post","type-post","status-publish","format-standard","hentry","category-law","tag-534","tag-attitudes-towards-migrants","tag-book-chapter","tag-citizenship","tag-cultural-identity","tag-french-language","tag-geneva","tag-higher-education","tag-immigrant-policy","tag-islam","tag-legal-aspects","tag-religious-practice","tag-women","tag-working-conditions"],"jetpack_featured_media_url":"","jetpack_sharing_enabled":true,"_links":{"self":[{"href":"https:\/\/swissmig.unine.ch\/index.php?rest_route=\/wp\/v2\/posts\/36344","targetHints":{"allow":["GET"]}}],"collection":[{"href":"https:\/\/swissmig.unine.ch\/index.php?rest_route=\/wp\/v2\/posts"}],"about":[{"href":"https:\/\/swissmig.unine.ch\/index.php?rest_route=\/wp\/v2\/types\/post"}],"author":[{"embeddable":true,"href":"https:\/\/swissmig.unine.ch\/index.php?rest_route=\/wp\/v2\/users\/4"}],"replies":[{"embeddable":true,"href":"https:\/\/swissmig.unine.ch\/index.php?rest_route=%2Fwp%2Fv2%2Fcomments&post=36344"}],"version-history":[{"count":0,"href":"https:\/\/swissmig.unine.ch\/index.php?rest_route=\/wp\/v2\/posts\/36344\/revisions"}],"wp:attachment":[{"href":"https:\/\/swissmig.unine.ch\/index.php?rest_route=%2Fwp%2Fv2%2Fmedia&parent=36344"}],"wp:term":[{"taxonomy":"category","embeddable":true,"href":"https:\/\/swissmig.unine.ch\/index.php?rest_route=%2Fwp%2Fv2%2Fcategories&post=36344"},{"taxonomy":"post_tag","embeddable":true,"href":"https:\/\/swissmig.unine.ch\/index.php?rest_route=%2Fwp%2Fv2%2Ftags&post=36344"}],"curies":[{"name":"wp","href":"https:\/\/api.w.org\/{rel}","templated":true}]}}