{"id":36334,"date":"2024-04-01T08:00:00","date_gmt":"2024-04-01T07:00:00","guid":{"rendered":"https:\/\/swissmig.wordpress.com\/?p=36334"},"modified":"2024-04-01T08:00:00","modified_gmt":"2024-04-01T07:00:00","slug":"lemigration-italienne-en-suisse-et-les-evenements-de-1898","status":"publish","type":"post","link":"https:\/\/swissmig.unine.ch\/?p=36334","title":{"rendered":"L&#8217;\u00e9migration italienne en Suisse et les \u00e9v\u00e9nements de 1898"},"content":{"rendered":"<h3>Author(s) : Marc Vuilleumier<\/h3>\n<h3>Source: <a href=\"https:\/\/doi.org\/10.5169\/seals-520263\" target=\"_blank\" rel=\"noopener\">https:\/\/doi.org\/10.5169\/seals-520263<\/a><\/h3>\n<p><strong>Abstract: <br \/><\/strong><!--more--><\/p>\n\n\n<p>L\u2019\u00e9pisode relat\u00e9 ci-dessous b\u00e9n\u00e9ficie d&#8217;une double appellation \u00able train des Italiens\u00bb en fran\u00e7ais et en allemand, les \u00abBande svizzere\u00bb en Italien. D&#8217;un grand retentissement sur le moment, en 1898, il s&#8217;est promptement effac\u00e9 de la m\u00e9moire collective du pays. Jusqu&#8217;\u00e0 la Premi\u00e8re Guerre mondiale, la presse socialiste le rappelait ou le mentionnait parfois quand elle d\u00e9non\u00e7ait les atteintes au droit d&#8217;asile, mais sans en refaire l&#8217;histoire, en se bornant \u00e0 sa fin : la livraison des occupants du train aux autorit\u00e9s italiennes. Quant au monde officiel et aux autres partis, ils n&#8217;avaient aucun int\u00e9r\u00eat \u00e0 rappeler cet \u00e9v\u00e8nement peu glorieux. Aussi, comme c&#8217;est le cas des points g\u00eanants de l&#8217;histoire suisse, n&#8217;apparait-il pas dans les ouvrages consacr\u00e9s \u00e0 la fin du XIXe si\u00e8cle.<\/p>\n\n\n\n<p><br><\/p>\n\n\n\n<p><\/p>\n","protected":false},"excerpt":{"rendered":"<p>Author(s) : Marc Vuilleumier Source: https:\/\/doi.org\/10.5169\/seals-520263 Abstract:<\/p>\n","protected":false},"author":4,"featured_media":0,"comment_status":"open","ping_status":"open","sticky":false,"template":"","format":"standard","meta":{"_kadence_starter_templates_imported_post":false,"_kad_post_transparent":"","_kad_post_title":"","_kad_post_layout":"","_kad_post_sidebar_id":"","_kad_post_content_style":"","_kad_post_vertical_padding":"","_kad_post_feature":"","_kad_post_feature_position":"","_kad_post_header":false,"_kad_post_footer":false,"_kad_post_classname":"","jetpack_post_was_ever_published":false,"_jetpack_newsletter_access":"","_jetpack_dont_email_post_to_subs":true,"_jetpack_newsletter_tier_id":0,"_jetpack_memberships_contains_paywalled_content":false,"_jetpack_memberships_contains_paid_content":false,"footnotes":""},"categories":[35],"tags":[101,7,37,137,52,133,175,11,94,103],"class_list":["post-36334","post","type-post","status-publish","format-standard","hentry","category-history","tag-101","tag-article","tag-attitudes-towards-migrants","tag-emigration","tag-french-language","tag-immigrant-policy","tag-italians","tag-political-parties","tag-political-system","tag-refugees"],"jetpack_featured_media_url":"","jetpack_sharing_enabled":true,"_links":{"self":[{"href":"https:\/\/swissmig.unine.ch\/index.php?rest_route=\/wp\/v2\/posts\/36334","targetHints":{"allow":["GET"]}}],"collection":[{"href":"https:\/\/swissmig.unine.ch\/index.php?rest_route=\/wp\/v2\/posts"}],"about":[{"href":"https:\/\/swissmig.unine.ch\/index.php?rest_route=\/wp\/v2\/types\/post"}],"author":[{"embeddable":true,"href":"https:\/\/swissmig.unine.ch\/index.php?rest_route=\/wp\/v2\/users\/4"}],"replies":[{"embeddable":true,"href":"https:\/\/swissmig.unine.ch\/index.php?rest_route=%2Fwp%2Fv2%2Fcomments&post=36334"}],"version-history":[{"count":0,"href":"https:\/\/swissmig.unine.ch\/index.php?rest_route=\/wp\/v2\/posts\/36334\/revisions"}],"wp:attachment":[{"href":"https:\/\/swissmig.unine.ch\/index.php?rest_route=%2Fwp%2Fv2%2Fmedia&parent=36334"}],"wp:term":[{"taxonomy":"category","embeddable":true,"href":"https:\/\/swissmig.unine.ch\/index.php?rest_route=%2Fwp%2Fv2%2Fcategories&post=36334"},{"taxonomy":"post_tag","embeddable":true,"href":"https:\/\/swissmig.unine.ch\/index.php?rest_route=%2Fwp%2Fv2%2Ftags&post=36334"}],"curies":[{"name":"wp","href":"https:\/\/api.w.org\/{rel}","templated":true}]}}