{"id":36330,"date":"2024-04-01T08:00:00","date_gmt":"2024-04-01T07:00:00","guid":{"rendered":"https:\/\/swissmig.wordpress.com\/?p=36330"},"modified":"2024-04-01T08:00:00","modified_gmt":"2024-04-01T07:00:00","slug":"multikulturalitat-oder-ethnisierung-ethnic-communities-or-ethnicization-kategorienbildung-und-netzwerkstrukturen-in-drei-schweizerischen-immigrantenquartieren-social-categories-and-network-stru","status":"publish","type":"post","link":"https:\/\/swissmig.unine.ch\/?p=36330","title":{"rendered":"Multikulturalit\u00e4t oder Ethnisierung? \/ Ethnic Communities or Ethnicization?: Kategorienbildung und Netzwerkstrukturen in drei schweizerischen Immigrantenquartieren \/ Social Categories and Network Structures in Three Swiss Immigrant Neighborhoods"},"content":{"rendered":"<h3>Author(s) : Andreas Wimmer<\/h3>\n<h3>Source: <a href=\"https:\/\/doi.org\/10.1515\/zfsoz-2002-0101\" target=\"_blank\" rel=\"noopener\">https:\/\/doi.org\/10.1515\/zfsoz-2002-0101<\/a><\/h3>\n<p><strong>Abstract: <\/strong><!--more--><\/p>\n<blockquote><p>Der Artikel berichtet \u00fcber eine empirische Forschung zu der Frage, welche Bedeutung Kultur und<br \/>\nethnischer Gemeinschaft im Integrationsprozess von Migranten zukommt. Je ein Einwanderungsquartier in Basel, Bern und Z\u00fcrich stand im Zentrum der Untersuchung. Leitfadeninterviews und Netzwerkanalysen dienten der Erfassung der Kategorien, mit denen das Quartierumfeld beschrieben wird, sowie der allt\u00e4glichen Beziehungen von schweizerischen, t\u00fcrkischst\u00e4mmigen und italienischst\u00e4mmigen Quartierbewohnern. Die wichtigsten Resultate sind: a) Ethnisch-nationale Gruppierungen und Identit\u00e4ten stellen kein prim\u00e4res Klassifikationsprinzip dar, sondern Unterscheidungen erfolgen gem\u00e4\u00df dem Schema Ordnung-Unordnung. b) Die daraus folgende transethnische Definition der Wir-Gruppe findet jedoch im realen\u00a0 Beziehungsverhalten nur zum Teil ihre Entsprechung, da die Beziehungsgeflechte zu drei Viertel ethnisch homogen sind. c) In der Struktur unterscheiden sich die Netzwerke in der zweiten Generation nicht mehr nach ethno-nationaler Herkunft. Dieser Befund entspricht zum Teil der multikulturellen Perspektive auf die Einwanderungsgesellschaft (b) und zum Teil der derzeit g\u00e4ngigen Ethnisierungsthese (a und c). Als Schlussfolgerung wird die Hinwendung zu einem<br \/>\nnicht-teleologischen, multilinearen Inkorporationsmodell empfohlen.<\/p><\/blockquote>\n","protected":false},"excerpt":{"rendered":"<p>Author(s) : Andreas Wimmer Source: https:\/\/doi.org\/10.1515\/zfsoz-2002-0101 Abstract:<\/p>\n","protected":false},"author":4,"featured_media":0,"comment_status":"open","ping_status":"open","sticky":false,"template":"","format":"standard","meta":{"_kadence_starter_templates_imported_post":false,"_kad_post_transparent":"","_kad_post_title":"","_kad_post_layout":"","_kad_post_sidebar_id":"","_kad_post_content_style":"","_kad_post_vertical_padding":"","_kad_post_feature":"","_kad_post_feature_position":"","_kad_post_header":false,"_kad_post_footer":false,"_kad_post_classname":"","jetpack_post_was_ever_published":false,"_jetpack_newsletter_access":"","_jetpack_dont_email_post_to_subs":false,"_jetpack_newsletter_tier_id":0,"_jetpack_memberships_contains_paywalled_content":false,"_jetpack_memberships_contains_paid_content":false,"footnotes":""},"categories":[167],"tags":[346,7,156,258,92,409,151,259,73,104,180,103,145,91,207,376,246],"class_list":["post-36330","post","type-post","status-publish","format-standard","hentry","category-ethnicity-languages-religion-arts","tag-346","tag-article","tag-basel","tag-bern","tag-country-of-origin","tag-cultural-diversity","tag-cultural-identity","tag-ethnicity","tag-german-language","tag-living-conditions","tag-multiculturalism","tag-refugees","tag-second-generation","tag-social-integration","tag-social-networks","tag-urban-areas","tag-zurich"],"jetpack_featured_media_url":"","jetpack_sharing_enabled":true,"_links":{"self":[{"href":"https:\/\/swissmig.unine.ch\/index.php?rest_route=\/wp\/v2\/posts\/36330","targetHints":{"allow":["GET"]}}],"collection":[{"href":"https:\/\/swissmig.unine.ch\/index.php?rest_route=\/wp\/v2\/posts"}],"about":[{"href":"https:\/\/swissmig.unine.ch\/index.php?rest_route=\/wp\/v2\/types\/post"}],"author":[{"embeddable":true,"href":"https:\/\/swissmig.unine.ch\/index.php?rest_route=\/wp\/v2\/users\/4"}],"replies":[{"embeddable":true,"href":"https:\/\/swissmig.unine.ch\/index.php?rest_route=%2Fwp%2Fv2%2Fcomments&post=36330"}],"version-history":[{"count":0,"href":"https:\/\/swissmig.unine.ch\/index.php?rest_route=\/wp\/v2\/posts\/36330\/revisions"}],"wp:attachment":[{"href":"https:\/\/swissmig.unine.ch\/index.php?rest_route=%2Fwp%2Fv2%2Fmedia&parent=36330"}],"wp:term":[{"taxonomy":"category","embeddable":true,"href":"https:\/\/swissmig.unine.ch\/index.php?rest_route=%2Fwp%2Fv2%2Fcategories&post=36330"},{"taxonomy":"post_tag","embeddable":true,"href":"https:\/\/swissmig.unine.ch\/index.php?rest_route=%2Fwp%2Fv2%2Ftags&post=36330"}],"curies":[{"name":"wp","href":"https:\/\/api.w.org\/{rel}","templated":true}]}}