{"id":36317,"date":"2024-04-08T08:00:00","date_gmt":"2024-04-08T07:00:00","guid":{"rendered":"https:\/\/swissmig.wordpress.com\/?p=36317"},"modified":"2024-04-08T08:00:00","modified_gmt":"2024-04-08T07:00:00","slug":"lhorizon-suisse-et-le-piston-reproduire-les-mondes-ouvriers-en-contexte-frontalier","status":"publish","type":"post","link":"https:\/\/swissmig.unine.ch\/?p=36317","title":{"rendered":"L\u2019horizon suisse et le piston : reproduire les mondes ouvriers en contexte frontalier"},"content":{"rendered":"<h3>Author(s) : Alexandre Barbet<\/h3>\n<h3>Source : <a href=\"https:\/\/doi.org\/10.4000\/etudesrurales.31721\" target=\"_blank\" rel=\"noopener\">https:\/\/doi.org\/10.4000\/etudesrurales.31721<\/a><\/h3>\n<p><strong>Abstract: <\/strong><!--more--><\/p>\n<blockquote>\n<div id=\"abstract-31721-fr\" class=\"tabContent ltr\" lang=\"fr\" xml:lang=\"fr\">\n<p class=\"resume\">\u00c0 partir des trajectoires d\u2019entr\u00e9e sur le march\u00e9 du travail suisse de deux jeunes ouvriers fran\u00e7ais, cet article interroge la gen\u00e8se d\u2019un projet migratoire et met en avant la centralit\u00e9 de ressources sp\u00e9cifiques dans l\u2019acc\u00e8s au statut de frontalier. Pr\u00e8s de la fronti\u00e8re, la formation pr\u00e9coce de dispositions aux mobilit\u00e9s transfrontali\u00e8res et l\u2019h\u00e9ritage de patrimoine accumul\u00e9 par les g\u00e9n\u00e9rations pr\u00e9c\u00e9dentes rendent plus ais\u00e9e l\u2019entr\u00e9e dans ce mode de vie. Plus loin, la sc\u00e8ne du travail appara\u00eet centrale dans la mise en place de relais pour r\u00e9duire les distances avec le pays voisin. Promotion sociale convoit\u00e9e depuis ces vall\u00e9es plus \u00e9loign\u00e9es o\u00f9 l\u2019industrie d\u00e9cline, cette migration appara\u00eet \u00e0 l\u2019inverse comme une n\u00e9cessit\u00e9 collective pour les enfants d\u2019ouvriers des communes frontali\u00e8res.<\/p>\n<div class=\"index ltr\">\n<h3>Mots-cl\u00e9s\u00a0:<\/h3>\n<p>France, Suisse, jeunesse, migration, mondes ruraux, travailleurs frontaliers<\/p><\/div>\n<\/div>\n<div id=\"abstract-31721-en\" class=\"tabContent hidden ltr\" lang=\"en\" xml:lang=\"en\">\n<p class=\"resume\">\n<\/div>\n<\/blockquote>\n","protected":false},"excerpt":{"rendered":"<p>Author(s) : Alexandre Barbet Source : https:\/\/doi.org\/10.4000\/etudesrurales.31721 Abstract:<\/p>\n","protected":false},"author":4,"featured_media":0,"comment_status":"open","ping_status":"open","sticky":false,"template":"","format":"standard","meta":{"_kadence_starter_templates_imported_post":false,"_kad_post_transparent":"","_kad_post_title":"","_kad_post_layout":"","_kad_post_sidebar_id":"","_kad_post_content_style":"","_kad_post_vertical_padding":"","_kad_post_feature":"","_kad_post_feature_position":"","_kad_post_header":false,"_kad_post_footer":false,"_kad_post_classname":"","jetpack_post_was_ever_published":false,"_jetpack_newsletter_access":"","_jetpack_dont_email_post_to_subs":false,"_jetpack_newsletter_tier_id":0,"_jetpack_memberships_contains_paywalled_content":false,"_jetpack_memberships_contains_paid_content":false,"footnotes":""},"categories":[16],"tags":[739,362,7,520,197,52,19,83,110,299,396,118],"class_list":["post-36317","post","type-post","status-publish","format-standard","hentry","category-economics","tag-739","tag-access-to-employment","tag-article","tag-cross-border-workers","tag-france","tag-french-language","tag-labour-market","tag-labour-market-policy","tag-mobility","tag-rural-areas","tag-work-permit","tag-youth"],"jetpack_featured_media_url":"","jetpack_sharing_enabled":true,"_links":{"self":[{"href":"https:\/\/swissmig.unine.ch\/index.php?rest_route=\/wp\/v2\/posts\/36317","targetHints":{"allow":["GET"]}}],"collection":[{"href":"https:\/\/swissmig.unine.ch\/index.php?rest_route=\/wp\/v2\/posts"}],"about":[{"href":"https:\/\/swissmig.unine.ch\/index.php?rest_route=\/wp\/v2\/types\/post"}],"author":[{"embeddable":true,"href":"https:\/\/swissmig.unine.ch\/index.php?rest_route=\/wp\/v2\/users\/4"}],"replies":[{"embeddable":true,"href":"https:\/\/swissmig.unine.ch\/index.php?rest_route=%2Fwp%2Fv2%2Fcomments&post=36317"}],"version-history":[{"count":0,"href":"https:\/\/swissmig.unine.ch\/index.php?rest_route=\/wp\/v2\/posts\/36317\/revisions"}],"wp:attachment":[{"href":"https:\/\/swissmig.unine.ch\/index.php?rest_route=%2Fwp%2Fv2%2Fmedia&parent=36317"}],"wp:term":[{"taxonomy":"category","embeddable":true,"href":"https:\/\/swissmig.unine.ch\/index.php?rest_route=%2Fwp%2Fv2%2Fcategories&post=36317"},{"taxonomy":"post_tag","embeddable":true,"href":"https:\/\/swissmig.unine.ch\/index.php?rest_route=%2Fwp%2Fv2%2Ftags&post=36317"}],"curies":[{"name":"wp","href":"https:\/\/api.w.org\/{rel}","templated":true}]}}