{"id":36310,"date":"2024-04-01T08:00:00","date_gmt":"2024-04-01T07:00:00","guid":{"rendered":"https:\/\/swissmig.wordpress.com\/?p=36310"},"modified":"2024-04-01T08:00:00","modified_gmt":"2024-04-01T07:00:00","slug":"die-rolle-der-herkunftssprachen-auf-der-tertiarstufe-am-beispiel-der-hochschule-fur-wirtschaft-freiburg","status":"publish","type":"post","link":"https:\/\/swissmig.unine.ch\/?p=36310","title":{"rendered":"Die Rolle der Herkunftssprachen auf der Terti\u00e4rstufe am Beispiel der Hochschule f\u00fcr Wirtschaft Freiburg"},"content":{"rendered":"<h3>Author(s) : <span class=\"name\">Elisabeth Reiser-Bello Zago, Annina Keller <\/span><\/h3>\n<h3>Source : <a href=\"https:\/\/doi.org\/10.55393\/babylonia.v1i.232\" target=\"_blank\" rel=\"noopener\">https:\/\/doi.org\/10.55393\/babylonia.v1i.232 <\/a><\/h3>\n<p><strong>Abstract: <\/strong><!--more--><\/p>\n<blockquote><p>W\u00e4hrend hierzulande in Schulsprachendebatten oft \u00fcber Erstsprachen von Kindern diskutiert wird, ist nur wenig dar\u00fcber bekannt, wie migrationsbedingt mehrsprachige Studierende ihre Herkunftssprachen erleben. Anhand einer Umfrage an der Hochschule f\u00fcr Wirtschaft Freiburg wurde diese Zielgruppe zur Rolle ihrer Herkunftssprachen im \u2013 offiziell dreisprachigen \u2013 Studienalltag befragt. W\u00fcnschen sie sich etwa, dass diese Sprachen in den Kursen ber\u00fccksichtigt werden? Die Resultate zeigen, dass die Studierenden ihre Herkunftssprachen im privaten Umfeld wertsch\u00e4tzen. Die Mehrheit ist allerdings der Meinung, sie h\u00e4tten im Studium und auch am Arbeitsplatz keinen grossen Platz.<\/p>\n<section class=\"item keywords\">\n<h2 class=\"label\">Keywords:<\/h2>\n<p><span class=\"value\"> Herkunftssprachen, Terti\u00e4rstufe, unsichtbare Sprachen, prestigetr\u00e4chtige Sprachen <\/span><\/section>\n<\/blockquote>\n","protected":false},"excerpt":{"rendered":"<p>Author(s) : Elisabeth Reiser-Bello Zago, Annina Keller Source : https:\/\/doi.org\/10.55393\/babylonia.v1i.232&#8230;<\/p>\n","protected":false},"author":4,"featured_media":0,"comment_status":"open","ping_status":"open","sticky":false,"template":"","format":"standard","meta":{"_kadence_starter_templates_imported_post":false,"_kad_post_transparent":"","_kad_post_title":"","_kad_post_layout":"","_kad_post_sidebar_id":"","_kad_post_content_style":"","_kad_post_vertical_padding":"","_kad_post_feature":"","_kad_post_feature_position":"","_kad_post_header":false,"_kad_post_footer":false,"_kad_post_classname":"","jetpack_post_was_ever_published":false,"_jetpack_newsletter_access":"","_jetpack_dont_email_post_to_subs":false,"_jetpack_newsletter_tier_id":0,"_jetpack_memberships_contains_paywalled_content":false,"_jetpack_memberships_contains_paid_content":false,"footnotes":""},"categories":[61],"tags":[739,7,151,73,65,730,372,290,118],"class_list":["post-36310","post","type-post","status-publish","format-standard","hentry","category-education","tag-739","tag-article","tag-cultural-identity","tag-german-language","tag-language","tag-linguistic-competence","tag-multilingualism","tag-students","tag-youth"],"jetpack_featured_media_url":"","jetpack_sharing_enabled":true,"_links":{"self":[{"href":"https:\/\/swissmig.unine.ch\/index.php?rest_route=\/wp\/v2\/posts\/36310","targetHints":{"allow":["GET"]}}],"collection":[{"href":"https:\/\/swissmig.unine.ch\/index.php?rest_route=\/wp\/v2\/posts"}],"about":[{"href":"https:\/\/swissmig.unine.ch\/index.php?rest_route=\/wp\/v2\/types\/post"}],"author":[{"embeddable":true,"href":"https:\/\/swissmig.unine.ch\/index.php?rest_route=\/wp\/v2\/users\/4"}],"replies":[{"embeddable":true,"href":"https:\/\/swissmig.unine.ch\/index.php?rest_route=%2Fwp%2Fv2%2Fcomments&post=36310"}],"version-history":[{"count":0,"href":"https:\/\/swissmig.unine.ch\/index.php?rest_route=\/wp\/v2\/posts\/36310\/revisions"}],"wp:attachment":[{"href":"https:\/\/swissmig.unine.ch\/index.php?rest_route=%2Fwp%2Fv2%2Fmedia&parent=36310"}],"wp:term":[{"taxonomy":"category","embeddable":true,"href":"https:\/\/swissmig.unine.ch\/index.php?rest_route=%2Fwp%2Fv2%2Fcategories&post=36310"},{"taxonomy":"post_tag","embeddable":true,"href":"https:\/\/swissmig.unine.ch\/index.php?rest_route=%2Fwp%2Fv2%2Ftags&post=36310"}],"curies":[{"name":"wp","href":"https:\/\/api.w.org\/{rel}","templated":true}]}}