{"id":36298,"date":"2024-04-01T08:00:00","date_gmt":"2024-04-01T07:00:00","guid":{"rendered":"https:\/\/swissmig.wordpress.com\/?p=36298"},"modified":"2024-04-01T08:00:00","modified_gmt":"2024-04-01T07:00:00","slug":"les-carrieres-migratoires-des-travailleuses-domestiques-irregularisees-a-geneve-reseaux-sociaux-ressources-et-contraintes-dues-a-lirregularisation","status":"publish","type":"post","link":"https:\/\/swissmig.unine.ch\/?p=36298","title":{"rendered":"Les carri\u00e8res migratoires des travailleuses domestiques irr\u00e9gularis\u00e9es \u00e0 Gen\u00e8ve: r\u00e9seaux sociaux, ressources et contraintes dues \u00e0 l\u2019irr\u00e9gularisation"},"content":{"rendered":"<h3>Author(s) : Lo\u00efc Pignolo<\/h3>\n<h3>Source : <a href=\"https:\/\/www.unige.ch\/sciences-societe\/socio\/files\/4816\/9261\/0003\/Sociograph_61_OA.pdf\" target=\"_blank\" rel=\"noopener\">https:\/\/www.unige.ch\/sciences-societe\/socio\/files\/4816\/9261\/0003\/Sociograph_61_OA.pdf<\/a><\/h3>\n<p><strong>Abstract: N\/A<br \/>\n<\/strong><\/p>\n","protected":false},"excerpt":{"rendered":"<p>Author(s) : Lo\u00efc Pignolo Source : https:\/\/www.unige.ch\/sciences-societe\/socio\/files\/4816\/9261\/0003\/Sociograph_61_OA.pdf Abstract: N\/A<\/p>\n","protected":false},"author":4,"featured_media":0,"comment_status":"open","ping_status":"open","sticky":false,"template":"","format":"standard","meta":{"_kadence_starter_templates_imported_post":false,"_kad_post_transparent":"","_kad_post_title":"","_kad_post_layout":"","_kad_post_sidebar_id":"","_kad_post_content_style":"","_kad_post_vertical_padding":"","_kad_post_feature":"","_kad_post_feature_position":"","_kad_post_header":false,"_kad_post_footer":false,"_kad_post_classname":"","jetpack_post_was_ever_published":false,"_jetpack_newsletter_access":"","_jetpack_dont_email_post_to_subs":false,"_jetpack_newsletter_tier_id":0,"_jetpack_memberships_contains_paywalled_content":false,"_jetpack_memberships_contains_paid_content":false,"footnotes":""},"categories":[24],"tags":[739,32,659,746,52,341,294,207,262,201,158],"class_list":["post-36298","post","type-post","status-publish","format-standard","hentry","category-society-family-racism","tag-739","tag-book-chapter","tag-care-workers","tag-domestic-workers","tag-french-language","tag-geneva","tag-irregular-migration","tag-social-networks","tag-undocumented-immigrants","tag-women","tag-working-conditions"],"jetpack_featured_media_url":"","jetpack_sharing_enabled":true,"_links":{"self":[{"href":"https:\/\/swissmig.unine.ch\/index.php?rest_route=\/wp\/v2\/posts\/36298","targetHints":{"allow":["GET"]}}],"collection":[{"href":"https:\/\/swissmig.unine.ch\/index.php?rest_route=\/wp\/v2\/posts"}],"about":[{"href":"https:\/\/swissmig.unine.ch\/index.php?rest_route=\/wp\/v2\/types\/post"}],"author":[{"embeddable":true,"href":"https:\/\/swissmig.unine.ch\/index.php?rest_route=\/wp\/v2\/users\/4"}],"replies":[{"embeddable":true,"href":"https:\/\/swissmig.unine.ch\/index.php?rest_route=%2Fwp%2Fv2%2Fcomments&post=36298"}],"version-history":[{"count":0,"href":"https:\/\/swissmig.unine.ch\/index.php?rest_route=\/wp\/v2\/posts\/36298\/revisions"}],"wp:attachment":[{"href":"https:\/\/swissmig.unine.ch\/index.php?rest_route=%2Fwp%2Fv2%2Fmedia&parent=36298"}],"wp:term":[{"taxonomy":"category","embeddable":true,"href":"https:\/\/swissmig.unine.ch\/index.php?rest_route=%2Fwp%2Fv2%2Fcategories&post=36298"},{"taxonomy":"post_tag","embeddable":true,"href":"https:\/\/swissmig.unine.ch\/index.php?rest_route=%2Fwp%2Fv2%2Ftags&post=36298"}],"curies":[{"name":"wp","href":"https:\/\/api.w.org\/{rel}","templated":true}]}}