{"id":36281,"date":"2024-03-25T08:00:00","date_gmt":"2024-03-25T07:00:00","guid":{"rendered":"https:\/\/swissmig.wordpress.com\/?p=36281"},"modified":"2024-03-25T08:00:00","modified_gmt":"2024-03-25T07:00:00","slug":"recommandations-education-et-migration-dans-le-contexte-de-legalite-des-chances-et-de-linclusion-au-sein-des-hautes-ecoles-pedagogiques","status":"publish","type":"post","link":"https:\/\/swissmig.unine.ch\/?p=36281","title":{"rendered":"Recommandations \u00ab Education et Migration \u00bb dans le contexte de l&#8217;\u00e9galit\u00e9 des chances et de l&#8217;inclusion au sein des hautes \u00e9coles p\u00e9dagogiques"},"content":{"rendered":"<h3>Author(s) : Elke-N Kappus, Moira Laffranchini Ngoenha, Marcus B\u00fczberger, Reto Catani, Daniel Hofstetter, Eva Hug, Maria Kassis, Carmen Kosorok, Bettina Looser, Stefano Losa, Anja Sieber Egger, Bigna Sommer, Angela Stienen, Michael Beck, Bernhard Rotzer, Josianne Veillette<\/h3>\n<h3>Source : <a href=\"https:\/\/orfee.hepl.ch\/handle\/20.500.12162\/4571\" target=\"_blank\" rel=\"noopener\">https:\/\/orfee.hepl.ch\/handle\/20.500.12162\/4571<\/a><\/h3>\n<p><strong>Abstract: <\/strong><!--more--><\/p>\n<blockquote><p>Dans le cadre des \u00ab Principales mesures de mise en oeuvre de la strat\u00e9gie 2017 -2020 de la Chambre des hautes \u00e9coles p\u00e9dagogiques \u00bb, le groupe de travail \u00abEducation et migration\u00bb s\u2019est vu confier le mandat d&#8217;examiner et d&#8217;actualiser, si n\u00e9cessaire, les recommandations de la COHEP relatives \u00e0 la \u00ab p\u00e9dagogie interculturelle \u00bb de 2007. Les recommandations doivent tenir compte de la situation actuelle du point de vue migratoire et de la politique en mati\u00e8re de r\u00e9fugi\u00e9s en Suisse (M6).<\/p><\/blockquote>\n","protected":false},"excerpt":{"rendered":"<p>Author(s) : Elke-N Kappus, Moira Laffranchini Ngoenha, Marcus B\u00fczberger, Reto&#8230;<\/p>\n","protected":false},"author":4,"featured_media":0,"comment_status":"open","ping_status":"open","sticky":false,"template":"","format":"standard","meta":{"_kadence_starter_templates_imported_post":false,"_kad_post_transparent":"","_kad_post_title":"","_kad_post_layout":"","_kad_post_sidebar_id":"","_kad_post_content_style":"","_kad_post_vertical_padding":"","_kad_post_feature":"","_kad_post_feature_position":"","_kad_post_header":false,"_kad_post_footer":false,"_kad_post_classname":"","jetpack_post_was_ever_published":false,"_jetpack_newsletter_access":"","_jetpack_dont_email_post_to_subs":false,"_jetpack_newsletter_tier_id":0,"_jetpack_memberships_contains_paywalled_content":false,"_jetpack_memberships_contains_paid_content":false,"footnotes":""},"categories":[61],"tags":[654,407,49,493,77,79,421,52,73,80,114,303,66,180,372,249],"class_list":["post-36281","post","type-post","status-publish","format-standard","hentry","category-education","tag-654","tag-access-to-education","tag-asylum-policy","tag-diversity-management","tag-education-policy","tag-equal-opportunities","tag-ethnic-diversity","tag-french-language","tag-german-language","tag-higher-education","tag-intercultural-education","tag-legal-aspects","tag-migration","tag-multiculturalism","tag-multilingualism","tag-report"],"jetpack_featured_media_url":"","jetpack_sharing_enabled":true,"_links":{"self":[{"href":"https:\/\/swissmig.unine.ch\/index.php?rest_route=\/wp\/v2\/posts\/36281","targetHints":{"allow":["GET"]}}],"collection":[{"href":"https:\/\/swissmig.unine.ch\/index.php?rest_route=\/wp\/v2\/posts"}],"about":[{"href":"https:\/\/swissmig.unine.ch\/index.php?rest_route=\/wp\/v2\/types\/post"}],"author":[{"embeddable":true,"href":"https:\/\/swissmig.unine.ch\/index.php?rest_route=\/wp\/v2\/users\/4"}],"replies":[{"embeddable":true,"href":"https:\/\/swissmig.unine.ch\/index.php?rest_route=%2Fwp%2Fv2%2Fcomments&post=36281"}],"version-history":[{"count":0,"href":"https:\/\/swissmig.unine.ch\/index.php?rest_route=\/wp\/v2\/posts\/36281\/revisions"}],"wp:attachment":[{"href":"https:\/\/swissmig.unine.ch\/index.php?rest_route=%2Fwp%2Fv2%2Fmedia&parent=36281"}],"wp:term":[{"taxonomy":"category","embeddable":true,"href":"https:\/\/swissmig.unine.ch\/index.php?rest_route=%2Fwp%2Fv2%2Fcategories&post=36281"},{"taxonomy":"post_tag","embeddable":true,"href":"https:\/\/swissmig.unine.ch\/index.php?rest_route=%2Fwp%2Fv2%2Ftags&post=36281"}],"curies":[{"name":"wp","href":"https:\/\/api.w.org\/{rel}","templated":true}]}}