{"id":36273,"date":"2024-03-18T08:00:00","date_gmt":"2024-03-18T07:00:00","guid":{"rendered":"https:\/\/swissmig.wordpress.com\/?p=36273"},"modified":"2024-03-18T08:00:00","modified_gmt":"2024-03-18T07:00:00","slug":"ouvriers-indigenes-et-ouvriers-etrangers-dans-le-canton-de-vaud-au-debut-du-xxe-siecle","status":"publish","type":"post","link":"https:\/\/swissmig.unine.ch\/?p=36273","title":{"rendered":"Ouvriers indig\u00e8nes et ouvriers \u00e9trangers dans le canton de Vaud au d\u00e9but du XXe si\u00e8cle"},"content":{"rendered":"<h3>Author(s) : Andr\u00e9 Lasserre<\/h3>\n<h3>Source: <a href=\"https:\/\/www.jstor.org\/stable\/41970612\" target=\"_blank\" rel=\"noopener\">https:\/\/www.jstor.org\/stable\/41970612<\/a><\/h3>\n<p><strong>Abstract: <br \/><\/strong><!--more--><\/p>\n\n\n<p>\u00c9trangers du dehors, \u00e9trangers du dedans ! Distinction usuelle et naturelle dans un \u00c9tat plurilingue. Distinction fausse peut-\u00eatre aux d\u00e9buts du mouvement ouvrier vaudois, car on peut soup\u00e7onner que dans l&#8217;optique de l&#8217;\u00e9poque, les premiers comprenaient les Tessinois parmi les Italiens et que des seconds on n&#8217;excluait pas les Allemands. De toute mani\u00e8re, les ouvriers indig\u00e8nes devaient s&#8217;accommoder des uns et s&#8217;entendre avec les autres, ce qui n&#8217;allait pas sans heurts ni m\u00e9sententes.<br>Une coexistence harmonieuse s&#8217;av\u00e9rait difficile entre les groupes ethniques, parce que le nombre des allog\u00e8nes, leur concentration g\u00e9ographique et le quasi-monopole qu&#8217;ils exer\u00e7aient dans certains m\u00e9tiers rendaient leur pr\u00e9sence \u00e9crasante ou pesante. Certes la majorit\u00e9 des travailleurs manuels restait vaudoise ou assimil\u00e9e, mais dans quelques centres, il n&#8217;en allait plus de m\u00eame et le probl\u00e8me se posait en termes de masses. Les recensements f\u00e9d\u00e9raux en t\u00e9moignent pour les trois<br>foyers de la vie industrielle vaudoise, soit les districts de Lausanne, Vevey et Yverdon.<\/p>\n\n\n\n<p><\/p>\n","protected":false},"excerpt":{"rendered":"<p>Author(s) : Andr\u00e9 Lasserre Source: https:\/\/www.jstor.org\/stable\/41970612 Abstract:<\/p>\n","protected":false},"author":4,"featured_media":0,"comment_status":"open","ping_status":"open","sticky":false,"template":"","format":"standard","meta":{"_kadence_starter_templates_imported_post":false,"_kad_post_transparent":"","_kad_post_title":"","_kad_post_layout":"","_kad_post_sidebar_id":"","_kad_post_content_style":"","_kad_post_vertical_padding":"","_kad_post_feature":"","_kad_post_feature_position":"","_kad_post_header":false,"_kad_post_footer":false,"_kad_post_classname":"","jetpack_post_was_ever_published":false,"_jetpack_newsletter_access":"","_jetpack_dont_email_post_to_subs":true,"_jetpack_newsletter_tier_id":0,"_jetpack_memberships_contains_paywalled_content":false,"_jetpack_memberships_contains_paid_content":false,"footnotes":""},"categories":[35],"tags":[769,362,7,57,120,52,335,133,462,175,103,370,384,158],"class_list":["post-36273","post","type-post","status-publish","format-standard","hentry","category-history","tag-769","tag-access-to-employment","tag-article","tag-comparative-analysis","tag-data-analysis","tag-french-language","tag-germans","tag-immigrant-policy","tag-industry-branch","tag-italians","tag-refugees","tag-vaud","tag-workers","tag-working-conditions"],"jetpack_featured_media_url":"","jetpack_sharing_enabled":true,"_links":{"self":[{"href":"https:\/\/swissmig.unine.ch\/index.php?rest_route=\/wp\/v2\/posts\/36273","targetHints":{"allow":["GET"]}}],"collection":[{"href":"https:\/\/swissmig.unine.ch\/index.php?rest_route=\/wp\/v2\/posts"}],"about":[{"href":"https:\/\/swissmig.unine.ch\/index.php?rest_route=\/wp\/v2\/types\/post"}],"author":[{"embeddable":true,"href":"https:\/\/swissmig.unine.ch\/index.php?rest_route=\/wp\/v2\/users\/4"}],"replies":[{"embeddable":true,"href":"https:\/\/swissmig.unine.ch\/index.php?rest_route=%2Fwp%2Fv2%2Fcomments&post=36273"}],"version-history":[{"count":0,"href":"https:\/\/swissmig.unine.ch\/index.php?rest_route=\/wp\/v2\/posts\/36273\/revisions"}],"wp:attachment":[{"href":"https:\/\/swissmig.unine.ch\/index.php?rest_route=%2Fwp%2Fv2%2Fmedia&parent=36273"}],"wp:term":[{"taxonomy":"category","embeddable":true,"href":"https:\/\/swissmig.unine.ch\/index.php?rest_route=%2Fwp%2Fv2%2Fcategories&post=36273"},{"taxonomy":"post_tag","embeddable":true,"href":"https:\/\/swissmig.unine.ch\/index.php?rest_route=%2Fwp%2Fv2%2Ftags&post=36273"}],"curies":[{"name":"wp","href":"https:\/\/api.w.org\/{rel}","templated":true}]}}