{"id":3626,"date":"2020-03-23T09:00:36","date_gmt":"2020-03-23T08:00:36","guid":{"rendered":"https:\/\/swissmig.wordpress.com\/?p=3626"},"modified":"2020-03-23T09:00:36","modified_gmt":"2020-03-23T08:00:36","slug":"rapport-final-sur-le-projet-invaud","status":"publish","type":"post","link":"https:\/\/swissmig.unine.ch\/?p=3626","title":{"rendered":"Rapport final sur le Projet InVaud"},"content":{"rendered":"<h3>Author(s) : Laurence Fedrigo, Shagini Udayar, Federico Durante, Jonas Masdonati, J\u00e9r\u00f4me Rossier<\/h3>\n<h3>Source : <a href=\"http:\/\/insertion-vaud.ch\/modules\/documentation\/files\/cepco_rapportinvaud.pdf\" target=\"_blank\" rel=\"noopener\">http:\/\/insertion-vaud.ch\/modules\/documentation\/files\/cepco_rapportinvaud.pdf<\/a><\/h3>\n<p><strong>Abstract: <\/strong><!--more--><\/p>\n<blockquote><p>&#8220;L\u2019\u00e9tude men\u00e9e aupr\u00e8s des b\u00e9n\u00e9ficiaires du projet In Vaud a confirm\u00e9 que les trajectoires de vie des primo-arrivant\u00b7e\u00b7s sont marqu\u00e9es par des \u00e9v\u00e9nements majeurs, tels que des souvenirs n\u00e9gatifs de la situation pr\u00e9-migratoire, les circonstances qui les ont pouss\u00e9\u00b7e\u00b7s \u00e0 quitter leur pays d\u2019origine et des conditions de vie difficiles pendant le voyage. Des \u00e9l\u00e9ments positifs sont n\u00e9anmoins aussi mis en relief par les b\u00e9n\u00e9ficiaires, tels que de bons souvenirs ainsi qu\u2019une am\u00e9lioration progressive de leur situation depuis leur arriv\u00e9e en Suisse, qui a parfois \u00e9t\u00e9 difficile au d\u00e9but. Parall\u00e8lement aux barri\u00e8res rencontr\u00e9es \u00e0 l\u2019int\u00e9gration au contexte du pays d\u2019accueil (li\u00e9es \u00e0 la ma\u00eetrise du fran\u00e7ais, la solitude, l\u2019inconfort, l\u2019incertitude du statut de r\u00e9fugi\u00e9, la recherche d\u2019emploi et la pr\u00e9carit\u00e9 financi\u00e8re), de nombreuses ressources ont \u00e9t\u00e9 identifi\u00e9es. Celles-ci sont principalement sociales (famille, ami\u00b7e\u00b7s, professionnel\u00b7le\u00b7s), mais aussi personnelles (qualit\u00e9s, int\u00e9r\u00eats professionnels, loisirs, valeurs et exp\u00e9riences professionnelles ou personnelles) et institutionnelles ou administratives &#8211; pour celles et ceux ayant obtenu leur permis de s\u00e9jour.&#8221;<\/p><\/blockquote>\n<p>&nbsp;<\/p>\n","protected":false},"excerpt":{"rendered":"<p>Author(s) : Laurence Fedrigo, Shagini Udayar, Federico Durante, Jonas Masdonati,&#8230;<\/p>\n","protected":false},"author":4,"featured_media":0,"comment_status":"open","ping_status":"open","sticky":false,"template":"","format":"standard","meta":{"_kadence_starter_templates_imported_post":false,"_kad_post_transparent":"","_kad_post_title":"","_kad_post_layout":"","_kad_post_sidebar_id":"","_kad_post_content_style":"","_kad_post_vertical_padding":"","_kad_post_feature":"","_kad_post_feature_position":"","_kad_post_header":false,"_kad_post_footer":false,"_kad_post_classname":"","jetpack_post_was_ever_published":false,"_jetpack_newsletter_access":"","_jetpack_dont_email_post_to_subs":false,"_jetpack_newsletter_tier_id":0,"_jetpack_memberships_contains_paywalled_content":false,"_jetpack_memberships_contains_paid_content":false,"footnotes":""},"categories":[12],"tags":[654,49,50,322,92,176,52,160,236,249,91,370],"class_list":["post-3626","post","type-post","status-publish","format-standard","hentry","category-politics","tag-654","tag-asylum-policy","tag-asylum-seekers","tag-causes-of-migration","tag-country-of-origin","tag-economic-integration","tag-french-language","tag-integration-programmes","tag-language-barriers","tag-report","tag-social-integration","tag-vaud"],"jetpack_featured_media_url":"","jetpack_sharing_enabled":true,"_links":{"self":[{"href":"https:\/\/swissmig.unine.ch\/index.php?rest_route=\/wp\/v2\/posts\/3626","targetHints":{"allow":["GET"]}}],"collection":[{"href":"https:\/\/swissmig.unine.ch\/index.php?rest_route=\/wp\/v2\/posts"}],"about":[{"href":"https:\/\/swissmig.unine.ch\/index.php?rest_route=\/wp\/v2\/types\/post"}],"author":[{"embeddable":true,"href":"https:\/\/swissmig.unine.ch\/index.php?rest_route=\/wp\/v2\/users\/4"}],"replies":[{"embeddable":true,"href":"https:\/\/swissmig.unine.ch\/index.php?rest_route=%2Fwp%2Fv2%2Fcomments&post=3626"}],"version-history":[{"count":0,"href":"https:\/\/swissmig.unine.ch\/index.php?rest_route=\/wp\/v2\/posts\/3626\/revisions"}],"wp:attachment":[{"href":"https:\/\/swissmig.unine.ch\/index.php?rest_route=%2Fwp%2Fv2%2Fmedia&parent=3626"}],"wp:term":[{"taxonomy":"category","embeddable":true,"href":"https:\/\/swissmig.unine.ch\/index.php?rest_route=%2Fwp%2Fv2%2Fcategories&post=3626"},{"taxonomy":"post_tag","embeddable":true,"href":"https:\/\/swissmig.unine.ch\/index.php?rest_route=%2Fwp%2Fv2%2Ftags&post=3626"}],"curies":[{"name":"wp","href":"https:\/\/api.w.org\/{rel}","templated":true}]}}