{"id":36251,"date":"2024-03-18T08:00:00","date_gmt":"2024-03-18T07:00:00","guid":{"rendered":"https:\/\/swissmig.wordpress.com\/?p=36251"},"modified":"2024-03-18T08:00:00","modified_gmt":"2024-03-18T07:00:00","slug":"sortir-de-la-clandestinite-les-consequences-de-la-regularisation-des-travailleurs-sans-papiers","status":"publish","type":"post","link":"https:\/\/swissmig.unine.ch\/?p=36251","title":{"rendered":"Sortir de la clandestinit\u00e9: les cons\u00e9quences de la r\u00e9gularisation des travailleurs sans papiers"},"content":{"rendered":"<h3>Author(s) : Jan-Erik Refle, Claudine Burton-Jeangros, Yves Jackson<\/h3>\n<h3>Source : <a href=\"https:\/\/www.epflpress.org\/produit\/1479\/9782889155422\/sortir-de-la-clandestinite\" target=\"_blank\" rel=\"noopener\">https:\/\/www.epflpress.org\/produit\/1479\/9782889155422\/sortir-de-la-clandestinite<\/a><\/h3>\n<p><strong>Abstract: <\/strong><!--more--><\/p>\n<blockquote><p><span class=\"\">Entre 2017 et 2018, le canton de Gen\u00e8ve a mis en place une op\u00e9ration in\u00e9dite en Suisse : la r\u00e9gularisation de milliers de migrants sans papiers r\u00e9pondant \u00e0 certains crit\u00e8res pr\u00e9\u00e9tablis. Quelles ont \u00e9t\u00e9 les cons\u00e9quences de cette mesure sur leurs conditions de vie et leurs projets ? Cet ouvrage pr\u00e9sente les r\u00e9sultats de la vaste enqu\u00eate nomm\u00e9e \u00ab Parchemins \u00bb, conduite pendant cinq ann\u00e9es aupr\u00e8s des individus concern\u00e9s.<\/p>\n<p>Gr\u00e2ce aux nombreuses donn\u00e9es r\u00e9colt\u00e9es, cette \u00e9tude montre comment l\u2019acc\u00e8s \u00e0 un statut l\u00e9gal transforme le parcours de vie de ces personnes, que ce soit en mati\u00e8re de conditions de logement, de situation financi\u00e8re, d\u2019int\u00e9gration sociale, de sant\u00e9 et de qualit\u00e9 de vie. Elle fournit des cl\u00e9s d\u2019interpr\u00e9tation de ces r\u00e9sultats et pr\u00e9sente des recommandations d\u2019actions destin\u00e9es aux acteurs des politiques publiques et aux associations, afin d\u2019accompagner au mieux ces nouveaux citoyens.<\/span><\/p><\/blockquote>\n","protected":false},"excerpt":{"rendered":"<p>Author(s) : Jan-Erik Refle, Claudine Burton-Jeangros, Yves Jackson Source :&#8230;<\/p>\n","protected":false},"author":4,"featured_media":0,"comment_status":"open","ping_status":"open","sticky":false,"template":"","format":"standard","meta":{"_kadence_starter_templates_imported_post":false,"_kad_post_transparent":"","_kad_post_title":"","_kad_post_layout":"","_kad_post_sidebar_id":"","_kad_post_content_style":"","_kad_post_vertical_padding":"","_kad_post_feature":"","_kad_post_feature_position":"","_kad_post_header":false,"_kad_post_footer":false,"_kad_post_classname":"","jetpack_post_was_ever_published":false,"_jetpack_newsletter_access":"","_jetpack_dont_email_post_to_subs":false,"_jetpack_newsletter_tier_id":0,"_jetpack_memberships_contains_paywalled_content":false,"_jetpack_memberships_contains_paid_content":false,"footnotes":""},"categories":[24],"tags":[291,562,611,52,341,153,157,294,303,104,465,262,396,384,158],"class_list":["post-36251","post","type-post","status-publish","format-standard","hentry","category-society-family-racism","tag-291","tag-book","tag-clandestine-employment","tag-french-language","tag-geneva","tag-health","tag-health-care","tag-irregular-migration","tag-legal-aspects","tag-living-conditions","tag-regularisation","tag-undocumented-immigrants","tag-work-permit","tag-workers","tag-working-conditions"],"jetpack_featured_media_url":"","jetpack_sharing_enabled":true,"_links":{"self":[{"href":"https:\/\/swissmig.unine.ch\/index.php?rest_route=\/wp\/v2\/posts\/36251","targetHints":{"allow":["GET"]}}],"collection":[{"href":"https:\/\/swissmig.unine.ch\/index.php?rest_route=\/wp\/v2\/posts"}],"about":[{"href":"https:\/\/swissmig.unine.ch\/index.php?rest_route=\/wp\/v2\/types\/post"}],"author":[{"embeddable":true,"href":"https:\/\/swissmig.unine.ch\/index.php?rest_route=\/wp\/v2\/users\/4"}],"replies":[{"embeddable":true,"href":"https:\/\/swissmig.unine.ch\/index.php?rest_route=%2Fwp%2Fv2%2Fcomments&post=36251"}],"version-history":[{"count":0,"href":"https:\/\/swissmig.unine.ch\/index.php?rest_route=\/wp\/v2\/posts\/36251\/revisions"}],"wp:attachment":[{"href":"https:\/\/swissmig.unine.ch\/index.php?rest_route=%2Fwp%2Fv2%2Fmedia&parent=36251"}],"wp:term":[{"taxonomy":"category","embeddable":true,"href":"https:\/\/swissmig.unine.ch\/index.php?rest_route=%2Fwp%2Fv2%2Fcategories&post=36251"},{"taxonomy":"post_tag","embeddable":true,"href":"https:\/\/swissmig.unine.ch\/index.php?rest_route=%2Fwp%2Fv2%2Ftags&post=36251"}],"curies":[{"name":"wp","href":"https:\/\/api.w.org\/{rel}","templated":true}]}}