{"id":36232,"date":"2024-03-04T08:00:00","date_gmt":"2024-03-04T07:00:00","guid":{"rendered":"https:\/\/swissmig.wordpress.com\/?p=36232"},"modified":"2024-03-04T08:00:00","modified_gmt":"2024-03-04T07:00:00","slug":"intervenantes-et-intervenants-tiers-dans-les-dynamiques-de-collaborations-ecole-familles-immigrantes-communaute-negociation-dune-place-a-re-definir","status":"publish","type":"post","link":"https:\/\/swissmig.unine.ch\/?p=36232","title":{"rendered":"Intervenantes et intervenants tiers dans les dynamiques de collaborations \u00e9cole-familles immigrantes-communaut\u00e9: n\u00e9gociation d\u2019une place \u00e0 (re) d\u00e9finir"},"content":{"rendered":"<h3>Author(s) : Jos\u00e9e Charette, Xavier Conus, Genevi\u00e8ve Audet<\/h3>\n<h3>Source : <a href=\"https:\/\/acelf.ca\/wp-content\/uploads\/2023\/03\/51-2_08_FINAL_Charette-Conus-Audet-et-Morin.pdf\" target=\"_blank\" rel=\"noopener\">https:\/\/acelf.ca\/wp-content\/uploads\/2023\/03\/51-2_08_FINAL_Charette-Conus-Audet-et-Morin.pdf<\/a><\/h3>\n<p><strong>Abstract: <br \/><\/strong><!--more--><\/p>\n\n\n<p>Les politiques de plusieurs pays et la recherche reconnaissent la contribution d\u2019intervenantes et<br>d\u2019intervenants tiers pour soutenir le d\u00e9veloppement de collaborations entre les familles<br>immigrantes et l\u2019\u00e9cole. N\u00e9anmoins, il semble que ces intervenantes et intervenants rencontrent<br>certains d\u00e9fis pour se faire une place dans le triptyque \u00e9cole-famille-communaut\u00e9. Selon une<br>d\u00e9marche qualitative, cet article propose une m\u00e9tasynth\u00e8se \u00e0 partir de quatre recherches, dont<br>deux ont \u00e9t\u00e9 conduites au Qu\u00e9bec et deux en Suisse. Pour ce faire, les personnes auteures ont<br>r\u00e9analys\u00e9 leurs r\u00e9sultats en ressortant ce qui a trait \u00e0 la n\u00e9gociation du r\u00f4le d\u2019intervenantes et<br>d\u2019intervenants \u00e9cole-familles immigrantes-communaut\u00e9 (IEFIC) \u00e0 travers les espaces o\u00f9 il se met<br>en \u0153uvre : \u00e0 l\u2019\u00e9cole, aupr\u00e8s des familles et dans la communaut\u00e9. Cet article fait le pari original<br>d\u2019utiliser une typologie construite dans le domaine de la sant\u00e9 pour \u00e9clairer des r\u00e9sultats issus du<br>domaine de l\u2019\u00e9ducation et les trois configurations du r\u00f4le des IEFIC que nos analyses ont permis<br>de d\u00e9gager. Nos r\u00e9sultats laissent croire que, tant en contexte suisse que qu\u00e9b\u00e9cois, la mise en<br>\u0153uvre du r\u00f4le est fortement influenc\u00e9e par la place prise par l\u2019institution scolaire et son<br>fonctionnement, guid\u00e9 par des cadres et des normes.<\/p>\n","protected":false},"excerpt":{"rendered":"<p>Author(s) : Jos\u00e9e Charette, Xavier Conus, Genevi\u00e8ve Audet Source :&#8230;<\/p>\n","protected":false},"author":4,"featured_media":0,"comment_status":"open","ping_status":"open","sticky":false,"template":"","format":"standard","meta":{"_kadence_starter_templates_imported_post":false,"_kad_post_transparent":"","_kad_post_title":"","_kad_post_layout":"","_kad_post_sidebar_id":"","_kad_post_content_style":"","_kad_post_vertical_padding":"","_kad_post_feature":"","_kad_post_feature_position":"","_kad_post_header":false,"_kad_post_footer":false,"_kad_post_classname":"","jetpack_post_was_ever_published":false,"_jetpack_newsletter_access":"","_jetpack_dont_email_post_to_subs":false,"_jetpack_newsletter_tier_id":0,"_jetpack_memberships_contains_paywalled_content":false,"_jetpack_memberships_contains_paid_content":false,"footnotes":""},"categories":[24],"tags":[739,7,76,483,57,77,21,52,17,276,117,91],"class_list":["post-36232","post","type-post","status-publish","format-standard","hentry","category-society-family-racism","tag-739","tag-article","tag-canada","tag-communities","tag-comparative-analysis","tag-education-policy","tag-family","tag-french-language","tag-immigrants","tag-literature-review","tag-school-integration","tag-social-integration"],"jetpack_featured_media_url":"","jetpack_sharing_enabled":true,"_links":{"self":[{"href":"https:\/\/swissmig.unine.ch\/index.php?rest_route=\/wp\/v2\/posts\/36232","targetHints":{"allow":["GET"]}}],"collection":[{"href":"https:\/\/swissmig.unine.ch\/index.php?rest_route=\/wp\/v2\/posts"}],"about":[{"href":"https:\/\/swissmig.unine.ch\/index.php?rest_route=\/wp\/v2\/types\/post"}],"author":[{"embeddable":true,"href":"https:\/\/swissmig.unine.ch\/index.php?rest_route=\/wp\/v2\/users\/4"}],"replies":[{"embeddable":true,"href":"https:\/\/swissmig.unine.ch\/index.php?rest_route=%2Fwp%2Fv2%2Fcomments&post=36232"}],"version-history":[{"count":0,"href":"https:\/\/swissmig.unine.ch\/index.php?rest_route=\/wp\/v2\/posts\/36232\/revisions"}],"wp:attachment":[{"href":"https:\/\/swissmig.unine.ch\/index.php?rest_route=%2Fwp%2Fv2%2Fmedia&parent=36232"}],"wp:term":[{"taxonomy":"category","embeddable":true,"href":"https:\/\/swissmig.unine.ch\/index.php?rest_route=%2Fwp%2Fv2%2Fcategories&post=36232"},{"taxonomy":"post_tag","embeddable":true,"href":"https:\/\/swissmig.unine.ch\/index.php?rest_route=%2Fwp%2Fv2%2Ftags&post=36232"}],"curies":[{"name":"wp","href":"https:\/\/api.w.org\/{rel}","templated":true}]}}