{"id":36211,"date":"2024-03-04T08:00:00","date_gmt":"2024-03-04T07:00:00","guid":{"rendered":"https:\/\/swissmig.wordpress.com\/?p=36211"},"modified":"2024-03-04T08:00:00","modified_gmt":"2024-03-04T07:00:00","slug":"olivier-delacretaz-le-racisme-en-suisse-existe-le-racisme-systemique-nexiste-pas","status":"publish","type":"post","link":"https:\/\/swissmig.unine.ch\/?p=36211","title":{"rendered":"Olivier Delacr\u00e9taz : \u00ab Le racisme en Suisse existe, le racisme syst\u00e9mique n\u2019existe pas \u00bb"},"content":{"rendered":"<h3>Author(s) : Max Frei<\/h3>\n<h3>Source : <a href=\"https:\/\/www.cairn.info\/revue-regard-libre-2023-6-page-16.htm\">https:\/\/www.cairn.info\/revue-regard-libre-2023-6-page-16.htm<\/a><\/h3>\n<p><strong>Abstract: <br \/><\/strong><!--more--><\/p>\n\n\n<p>Un \u00ab\u00a0racisme syst\u00e9mique\u00a0\u00bb s\u00e9virait en Suisse. C\u2019est du moins l\u2019avis de la Conf\u00e9d\u00e9ration, qui a publi\u00e9 un rapport sur le sujet. Selon Olivier Delacr\u00e9taz, r\u00e9dacteur \u00e0\u00a0<em>La Nation<\/em>, les effets de ce postulat, qui ne repose sur aucune preuve, pourraient \u00eatre contre-productifs.<\/p>\n","protected":false},"excerpt":{"rendered":"<p>Author(s) : Max Frei Source : https:\/\/www.cairn.info\/revue-regard-libre-2023-6-page-16.htm Abstract:<\/p>\n","protected":false},"author":4,"featured_media":0,"comment_status":"open","ping_status":"open","sticky":false,"template":"","format":"standard","meta":{"_kadence_starter_templates_imported_post":false,"_kad_post_transparent":"","_kad_post_title":"","_kad_post_layout":"","_kad_post_sidebar_id":"","_kad_post_content_style":"","_kad_post_vertical_padding":"","_kad_post_feature":"","_kad_post_feature_position":"","_kad_post_header":false,"_kad_post_footer":false,"_kad_post_classname":"","jetpack_post_was_ever_published":false,"_jetpack_newsletter_access":"","_jetpack_dont_email_post_to_subs":false,"_jetpack_newsletter_tier_id":0,"_jetpack_memberships_contains_paywalled_content":false,"_jetpack_memberships_contains_paid_content":false,"footnotes":""},"categories":[24],"tags":[739,7,82,52,154,334],"class_list":["post-36211","post","type-post","status-publish","format-standard","hentry","category-society-family-racism","tag-739","tag-article","tag-ethnic-discrimination","tag-french-language","tag-interviews","tag-racism"],"jetpack_featured_media_url":"","jetpack_sharing_enabled":true,"_links":{"self":[{"href":"https:\/\/swissmig.unine.ch\/index.php?rest_route=\/wp\/v2\/posts\/36211","targetHints":{"allow":["GET"]}}],"collection":[{"href":"https:\/\/swissmig.unine.ch\/index.php?rest_route=\/wp\/v2\/posts"}],"about":[{"href":"https:\/\/swissmig.unine.ch\/index.php?rest_route=\/wp\/v2\/types\/post"}],"author":[{"embeddable":true,"href":"https:\/\/swissmig.unine.ch\/index.php?rest_route=\/wp\/v2\/users\/4"}],"replies":[{"embeddable":true,"href":"https:\/\/swissmig.unine.ch\/index.php?rest_route=%2Fwp%2Fv2%2Fcomments&post=36211"}],"version-history":[{"count":0,"href":"https:\/\/swissmig.unine.ch\/index.php?rest_route=\/wp\/v2\/posts\/36211\/revisions"}],"wp:attachment":[{"href":"https:\/\/swissmig.unine.ch\/index.php?rest_route=%2Fwp%2Fv2%2Fmedia&parent=36211"}],"wp:term":[{"taxonomy":"category","embeddable":true,"href":"https:\/\/swissmig.unine.ch\/index.php?rest_route=%2Fwp%2Fv2%2Fcategories&post=36211"},{"taxonomy":"post_tag","embeddable":true,"href":"https:\/\/swissmig.unine.ch\/index.php?rest_route=%2Fwp%2Fv2%2Ftags&post=36211"}],"curies":[{"name":"wp","href":"https:\/\/api.w.org\/{rel}","templated":true}]}}