{"id":36189,"date":"2024-03-11T08:00:00","date_gmt":"2024-03-11T07:00:00","guid":{"rendered":"https:\/\/swissmig.wordpress.com\/?p=36189"},"modified":"2024-03-11T08:00:00","modified_gmt":"2024-03-11T07:00:00","slug":"une-nationalite-dappoint-transmissions-et-usages-strategiques-de-la-double-nationalite-dans-les-espaces-frontaliers-lillois-et-genevois","status":"publish","type":"post","link":"https:\/\/swissmig.unine.ch\/?p=36189","title":{"rendered":"Une nationalit\u00e9 d\u2019appoint. Transmissions et usages strat\u00e9giques de la double nationalit\u00e9 dans les espaces frontaliers lillois et genevois"},"content":{"rendered":"<h3>Author(s) : Garance Cl\u00e9ment<\/h3>\n<h3>Source : <a href=\"https:\/\/doi.org\/10.4000\/remi.23011\">https:\/\/doi.org\/10.4000\/remi.23011<\/a><\/h3>\n<p><strong>Abstract: <br \/><\/strong><!--more--><\/p>\n\n\n<p>Dans les agglom\u00e9rations frontali\u00e8res lilloise et genevoise, l\u2019obtention de la nationalit\u00e9 du pays voisin est un ph\u00e9nom\u00e8ne courant qui se reproduit de g\u00e9n\u00e9ration en g\u00e9n\u00e9ration sans attirer d\u2019attention politique ou scientifique particuli\u00e8re. Comment expliquer ces processus d\u2019acquisition et de transmission d\u2019une double nationalit\u00e9 qui n\u2019offre que de faibles avantages comparatifs au sein de l\u2019espace international ? \u00c0 partir de quels arbitrages conjugaux et parentaux la double nationalit\u00e9 est-elle obtenue et dans quelle mesure fait-elle l\u2019objet d\u2019usages strat\u00e9giques au sein des populations frontali\u00e8res ? En partant de situations o\u00f9 les processus d\u2019acquisition se font quasiment \u00ab \u00e0 nationalit\u00e9 \u00e9gale \u00bb, il s&#8217;agit d\u2019\u00e9tudier les conditions de transmission et les formes d\u2019appropriation \u00ab subsidiaire \u00bb de la double nationalit\u00e9, en les rapportant aux positions de classe, de \u00ab race \u00bb et \u00e0 la g\u00e9n\u00e9ration des individus. Au carrefour de la sociologie urbaine et de la sociologie des migrations, l\u2019article montre que la binationalit\u00e9 ne favorise pas seulement l\u2019accumulation d\u2019un capital international mais constitue \u00e9galement une ressource localis\u00e9e, mobilis\u00e9e en appoint d\u2019autres ressources pour soutenir des strat\u00e9gies r\u00e9sidentielles, scolaires ou fiscales. <\/p>\n\n\n\n<h4 class=\"wp-block-heading\"><strong>Mots-cl\u00e9s<\/strong>\u00a0: double nationalit\u00e9, fronti\u00e8re, privil\u00e8ge<\/h4>\n","protected":false},"excerpt":{"rendered":"<p>Author(s) : Garance Cl\u00e9ment Source : https:\/\/doi.org\/10.4000\/remi.23011 Abstract:<\/p>\n","protected":false},"author":4,"featured_media":0,"comment_status":"open","ping_status":"open","sticky":false,"template":"","format":"standard","meta":{"_kadence_starter_templates_imported_post":false,"_kad_post_transparent":"","_kad_post_title":"","_kad_post_layout":"","_kad_post_sidebar_id":"","_kad_post_content_style":"","_kad_post_vertical_padding":"","_kad_post_feature":"","_kad_post_feature_position":"","_kad_post_header":false,"_kad_post_footer":false,"_kad_post_classname":"","jetpack_post_was_ever_published":false,"_jetpack_newsletter_access":"","_jetpack_dont_email_post_to_subs":false,"_jetpack_newsletter_tier_id":0,"_jetpack_memberships_contains_paywalled_content":false,"_jetpack_memberships_contains_paid_content":false,"footnotes":""},"categories":[12],"tags":[739,7,51,642,197,52,375,174,93,94,26],"class_list":["post-36189","post","type-post","status-publish","format-standard","hentry","category-politics","tag-739","tag-article","tag-borders","tag-dual-citizenship","tag-france","tag-french-language","tag-internal-migration","tag-nationalism","tag-naturalization","tag-political-system","tag-transnationalism"],"jetpack_featured_media_url":"","jetpack_sharing_enabled":true,"_links":{"self":[{"href":"https:\/\/swissmig.unine.ch\/index.php?rest_route=\/wp\/v2\/posts\/36189","targetHints":{"allow":["GET"]}}],"collection":[{"href":"https:\/\/swissmig.unine.ch\/index.php?rest_route=\/wp\/v2\/posts"}],"about":[{"href":"https:\/\/swissmig.unine.ch\/index.php?rest_route=\/wp\/v2\/types\/post"}],"author":[{"embeddable":true,"href":"https:\/\/swissmig.unine.ch\/index.php?rest_route=\/wp\/v2\/users\/4"}],"replies":[{"embeddable":true,"href":"https:\/\/swissmig.unine.ch\/index.php?rest_route=%2Fwp%2Fv2%2Fcomments&post=36189"}],"version-history":[{"count":0,"href":"https:\/\/swissmig.unine.ch\/index.php?rest_route=\/wp\/v2\/posts\/36189\/revisions"}],"wp:attachment":[{"href":"https:\/\/swissmig.unine.ch\/index.php?rest_route=%2Fwp%2Fv2%2Fmedia&parent=36189"}],"wp:term":[{"taxonomy":"category","embeddable":true,"href":"https:\/\/swissmig.unine.ch\/index.php?rest_route=%2Fwp%2Fv2%2Fcategories&post=36189"},{"taxonomy":"post_tag","embeddable":true,"href":"https:\/\/swissmig.unine.ch\/index.php?rest_route=%2Fwp%2Fv2%2Ftags&post=36189"}],"curies":[{"name":"wp","href":"https:\/\/api.w.org\/{rel}","templated":true}]}}