{"id":36156,"date":"2024-02-19T08:00:00","date_gmt":"2024-02-19T07:00:00","guid":{"rendered":"https:\/\/swissmig.wordpress.com\/?p=36156"},"modified":"2024-02-19T08:00:00","modified_gmt":"2024-02-19T07:00:00","slug":"la-suisse-une-terre-daccueil-en-question-limportance-de-la-premiere-guerre-mondiale","status":"publish","type":"post","link":"https:\/\/swissmig.unine.ch\/?p=36156","title":{"rendered":"La Suisse une terre d&#8217;accueil en question. L&#8217;importance de la premi\u00e8re Guerre mondiale"},"content":{"rendered":"<h3>Author(s) : Gerald Arlettaz<\/h3>\n<h3>Source: <a href=\"https:\/\/www.persee.fr\/doc\/efr_0000-0000_1991_act_146_1_4134\" target=\"_blank\" rel=\"noopener\">https:\/\/www.persee.fr\/doc\/efr_0000-0000_1991_act_146_1_4134<\/a><\/h3>\n<p><strong>Abstract: <\/strong><!--more--><\/p>\n<blockquote>\n<div id=\"articleAbstract\">\n<div>\n<p>&#8220;Le durcissement de la politique d&#8217;accueil qui se produit en Suisse au cours de la premi\u00e8re Guerre mondiale est la cons\u00e9quence d&#8217;une modification de la culture politique, sublim\u00e9e par un renforcement du discours d&#8217;identification patriotique. Apr\u00e8s l&#8217;\u00e9branlement caus\u00e9 par les transformations \u00e9conomiques et par la forte immigration des ann\u00e9es 1890 \u00e0 1914, la coh\u00e9sion<br \/>\nnationale tire parti d&#8217;actions humanitaires, jug\u00e9es n\u00e9cessaires \u00e0 la mission morale et \u00e0 l&#8217;ind\u00e9pendance d&#8217;un pays neutre. Il s&#8217;agit principalement de l&#8217;internement de prisonniers \u00e9trangers malades ou bless\u00e9s. Cette coh\u00e9sion est en revanche menac\u00e9e par la pr\u00e9sence d&#8217;immigr\u00e9s de guerre, en particulier de d\u00e9serteurs et de r\u00e9fractaires des arm\u00e9es \u00e9trang\u00e8res. Ces \u00abr\u00e9fugi\u00e9s militaires\u00bb mettent d&#8217;abord en cause l&#8217;\u00e9quilibre d&#8217;un (v. au verso) pays dans ses sympathies \u00e0 l&#8217;\u00e9gard des puissances bellig\u00e9rantes. Plus grave, d\u00e8s 1917, ils polarisent les clivages socio-politiques et sont d\u00e9nonc\u00e9s comme \u00ab ind\u00e9sirables \u00bb par la fraction nationaliste de la classe bourgeoise. Dans ce contexte, le Conseil f\u00e9d\u00e9ral promulgue de 1916 \u00e0 1918, quatre arr\u00eat\u00e9s se r\u00e9f\u00e9rant \u00e0 des conceptions diff\u00e9rentes de l&#8217;asile et de la s\u00e9curit\u00e9 d&#8217;\u00c9tat. Parall\u00e8lement, la Suisse adopte une politique d&#8217;immigration restrictive et s\u00e9lective.&#8221;<\/p>\n<\/div>\n<\/div>\n<\/blockquote>\n","protected":false},"excerpt":{"rendered":"<p>Author(s) : Gerald Arlettaz Source: https:\/\/www.persee.fr\/doc\/efr_0000-0000_1991_act_146_1_4134 Abstract:<\/p>\n","protected":false},"author":4,"featured_media":0,"comment_status":"open","ping_status":"open","sticky":false,"template":"","format":"standard","meta":{"_kadence_starter_templates_imported_post":false,"_kad_post_transparent":"","_kad_post_title":"","_kad_post_layout":"","_kad_post_sidebar_id":"","_kad_post_content_style":"","_kad_post_vertical_padding":"","_kad_post_feature":"","_kad_post_feature_position":"","_kad_post_header":false,"_kad_post_footer":false,"_kad_post_classname":"","jetpack_post_was_ever_published":false,"_jetpack_newsletter_access":"","_jetpack_dont_email_post_to_subs":false,"_jetpack_newsletter_tier_id":0,"_jetpack_memberships_contains_paywalled_content":false,"_jetpack_memberships_contains_paid_content":false,"footnotes":""},"categories":[35],"tags":[532,7,37,586,52,133,122,174,90,26,677],"class_list":["post-36156","post","type-post","status-publish","format-standard","hentry","category-history","tag-532","tag-article","tag-attitudes-towards-migrants","tag-first-world-war","tag-french-language","tag-immigrant-policy","tag-migrants","tag-nationalism","tag-reception-policy","tag-transnationalism","tag-war"],"jetpack_featured_media_url":"","jetpack_sharing_enabled":true,"_links":{"self":[{"href":"https:\/\/swissmig.unine.ch\/index.php?rest_route=\/wp\/v2\/posts\/36156","targetHints":{"allow":["GET"]}}],"collection":[{"href":"https:\/\/swissmig.unine.ch\/index.php?rest_route=\/wp\/v2\/posts"}],"about":[{"href":"https:\/\/swissmig.unine.ch\/index.php?rest_route=\/wp\/v2\/types\/post"}],"author":[{"embeddable":true,"href":"https:\/\/swissmig.unine.ch\/index.php?rest_route=\/wp\/v2\/users\/4"}],"replies":[{"embeddable":true,"href":"https:\/\/swissmig.unine.ch\/index.php?rest_route=%2Fwp%2Fv2%2Fcomments&post=36156"}],"version-history":[{"count":0,"href":"https:\/\/swissmig.unine.ch\/index.php?rest_route=\/wp\/v2\/posts\/36156\/revisions"}],"wp:attachment":[{"href":"https:\/\/swissmig.unine.ch\/index.php?rest_route=%2Fwp%2Fv2%2Fmedia&parent=36156"}],"wp:term":[{"taxonomy":"category","embeddable":true,"href":"https:\/\/swissmig.unine.ch\/index.php?rest_route=%2Fwp%2Fv2%2Fcategories&post=36156"},{"taxonomy":"post_tag","embeddable":true,"href":"https:\/\/swissmig.unine.ch\/index.php?rest_route=%2Fwp%2Fv2%2Ftags&post=36156"}],"curies":[{"name":"wp","href":"https:\/\/api.w.org\/{rel}","templated":true}]}}