{"id":36150,"date":"2024-02-19T08:00:00","date_gmt":"2024-02-19T07:00:00","guid":{"rendered":"https:\/\/swissmig.wordpress.com\/?p=36150"},"modified":"2024-02-19T08:00:00","modified_gmt":"2024-02-19T07:00:00","slug":"la-mobilisation-des-sans-papiers","status":"publish","type":"post","link":"https:\/\/swissmig.unine.ch\/?p=36150","title":{"rendered":"La mobilisation des sans-papiers"},"content":{"rendered":"<h3>Author(s) : Elodie Juliane Antony<\/h3>\n<h3>Source : <a href=\"https:\/\/archive-ouverte.unige.ch\/unige:48331\" target=\"_blank\" rel=\"noopener\">https:\/\/archive-ouverte.unige.ch\/unige:48331<\/a><\/h3>\n<p><strong>Abstract: <\/strong><!--more--><\/p>\n<blockquote>\n<p class=\"abstract ng-star-inserted\">&#8220;Cet article se propose d&#8217;\u00e9tudier la mani\u00e8re selon laquelle les sans- papiers, que l&#8217;on peut consid\u00e9rer comme une \u00ab population vuln\u00e9rable \u00bb dans l&#8217;espace public, mettent en place des strat\u00e9gies afin de r\u00e9agir \u00e0 l&#8217;invisibilit\u00e9 qui leur est assign\u00e9e. A cette fin, nous porterons notre attention sur la mobilisation de prime abord \u00ab impossible \u00bb des migrants r\u00e9sidant sans permis de s\u00e9jour valable \u00e0 Gen\u00e8ve. A travers l&#8217;analyse du Collectif des Travailleurs et Travailleuses Sans Statut L\u00e9gal, nous verrons comment cette \u00ab population de l&#8217;ombre \u00bb, qui vit dans l&#8217;obscurit\u00e9 et l&#8217;ins\u00e9curit\u00e9, a progressivement acquis une visibilit\u00e9 sociale et politique. Nous nous attacherons ainsi \u00e0 mettre en lumi\u00e8re le parcours selon lequel la question des sans-papiers s&#8217;est transform\u00e9e en cause et s&#8217;est impos\u00e9e sur la sc\u00e8ne publique. Ce parcours nous permettra ainsi, d&#8217;une part, d&#8217;analyser la voie par laquelle une population originellement invisible et faiblement repr\u00e9sent\u00e9e s&#8217;organise pour s&#8217;ins\u00e9rer dans la dynamique urbaine. De l&#8217;autre, cette organisation apparaissant comme pauvre en ressources et de nature ill\u00e9gale, nous nous int\u00e9resserons \u00e9galement aux organismes de soutien qui se r\u00e9v\u00e8leront \u00eatre une source de l\u00e9gitimit\u00e9 essentielle \u00e0 la port\u00e9e des revendications.&#8221;<\/p>\n<\/blockquote>\n","protected":false},"excerpt":{"rendered":"<p>Author(s) : Elodie Juliane Antony Source : https:\/\/archive-ouverte.unige.ch\/unige:48331 Abstract:<\/p>\n","protected":false},"author":4,"featured_media":0,"comment_status":"open","ping_status":"open","sticky":false,"template":"","format":"standard","meta":{"_kadence_starter_templates_imported_post":false,"_kad_post_transparent":"","_kad_post_title":"","_kad_post_layout":"","_kad_post_sidebar_id":"","_kad_post_content_style":"","_kad_post_vertical_padding":"","_kad_post_feature":"","_kad_post_feature_position":"","_kad_post_header":false,"_kad_post_footer":false,"_kad_post_classname":"","jetpack_post_was_ever_published":false,"_jetpack_newsletter_access":"","_jetpack_dont_email_post_to_subs":false,"_jetpack_newsletter_tier_id":0,"_jetpack_memberships_contains_paywalled_content":false,"_jetpack_memberships_contains_paid_content":false,"footnotes":""},"categories":[24],"tags":[131,362,119,50,483,52,341,133,303,166,91,262,144,309],"class_list":["post-36150","post","type-post","status-publish","format-standard","hentry","category-society-family-racism","tag-131","tag-access-to-employment","tag-associations","tag-asylum-seekers","tag-communities","tag-french-language","tag-geneva","tag-immigrant-policy","tag-legal-aspects","tag-residence-permits","tag-social-integration","tag-undocumented-immigrants","tag-vulnerability","tag-working-paper"],"jetpack_featured_media_url":"","jetpack_sharing_enabled":true,"_links":{"self":[{"href":"https:\/\/swissmig.unine.ch\/index.php?rest_route=\/wp\/v2\/posts\/36150","targetHints":{"allow":["GET"]}}],"collection":[{"href":"https:\/\/swissmig.unine.ch\/index.php?rest_route=\/wp\/v2\/posts"}],"about":[{"href":"https:\/\/swissmig.unine.ch\/index.php?rest_route=\/wp\/v2\/types\/post"}],"author":[{"embeddable":true,"href":"https:\/\/swissmig.unine.ch\/index.php?rest_route=\/wp\/v2\/users\/4"}],"replies":[{"embeddable":true,"href":"https:\/\/swissmig.unine.ch\/index.php?rest_route=%2Fwp%2Fv2%2Fcomments&post=36150"}],"version-history":[{"count":0,"href":"https:\/\/swissmig.unine.ch\/index.php?rest_route=\/wp\/v2\/posts\/36150\/revisions"}],"wp:attachment":[{"href":"https:\/\/swissmig.unine.ch\/index.php?rest_route=%2Fwp%2Fv2%2Fmedia&parent=36150"}],"wp:term":[{"taxonomy":"category","embeddable":true,"href":"https:\/\/swissmig.unine.ch\/index.php?rest_route=%2Fwp%2Fv2%2Fcategories&post=36150"},{"taxonomy":"post_tag","embeddable":true,"href":"https:\/\/swissmig.unine.ch\/index.php?rest_route=%2Fwp%2Fv2%2Ftags&post=36150"}],"curies":[{"name":"wp","href":"https:\/\/api.w.org\/{rel}","templated":true}]}}