{"id":36122,"date":"2024-02-05T08:00:00","date_gmt":"2024-02-05T07:00:00","guid":{"rendered":"https:\/\/swissmig.wordpress.com\/?p=36122"},"modified":"2024-02-05T08:00:00","modified_gmt":"2024-02-05T07:00:00","slug":"les-activites-transnationales-des-associations-de-migrants-serbes-et-kosovars-en-suisse","status":"publish","type":"post","link":"https:\/\/swissmig.unine.ch\/?p=36122","title":{"rendered":"Les activit\u00e9s transnationales des associations de migrants serbes et kosovars en Suisse"},"content":{"rendered":"<h3>Author(s) : Janine Dahinden, Jo\u00eblle Moret<\/h3>\n<h3>Source: <a href=\"https:\/\/doi.org\/10.4000\/aspd.650\" target=\"_blank\" rel=\"noopener\">https:\/\/doi.org\/10.4000\/aspd.650<\/a><\/h3>\n<p><strong>Abstract: <\/strong><!--more--><\/p>\n<blockquote>\n<div id=\"articleAbstract\">\n<div>\n<p>La migration a pour effet de renforcer les identit\u00e9s collectives fond\u00e9es sur des crit\u00e8res nationaux, ethniques, religieux ou r\u00e9gionaux. On voit cette lapalissade se concr\u00e9tiser \u2013 sous la forme d\u2019organisations d\u2019immigr\u00e9s \u2013 dans toutes les r\u00e9gions du monde qui connaissent des afflux de personnes venues d\u2019ailleurs. Cette \u00ab\u00a0manie de l\u2019association\u00a0\u00bb typique des migrants a suscit\u00e9 de nombreuses \u00e9tudes scientifiques, notamment en relation avec l\u2019immigration du d\u00e9but du si\u00e8cle pass\u00e9 aux Etats-Unis ou celle de l\u00e8s-guerre en Suisse. Le caract\u00e8re frappant du ph\u00e9nom\u00e8ne en question a d\u2019ailleurs donn\u00e9 lieu \u00e0 quantit\u00e9 de proverbes. On dit par exemple, \u00e0 propos des immigr\u00e9s allemands aux Etats-Unis\u00a0: <em>\u00ab\u00a0Put three Germans together and in five minutes you\u2019ll have four clubs\u00a0\u00bb<\/em>, ou sur les Japonais au Br\u00e9sil\u00a0:<em>\u00ab\u00a0Two Japanese make an association, and three found a newspaper.\u00a0\u00bb<\/em><\/p>\n<\/div>\n<\/div>\n<\/blockquote>\n","protected":false},"excerpt":{"rendered":"<p>Author(s) : Janine Dahinden, Jo\u00eblle Moret Source: https:\/\/doi.org\/10.4000\/aspd.650 Abstract:<\/p>\n","protected":false},"author":4,"featured_media":0,"comment_status":"open","ping_status":"open","sticky":false,"template":"","format":"standard","meta":{"_kadence_starter_templates_imported_post":false,"_kad_post_transparent":"","_kad_post_title":"","_kad_post_layout":"","_kad_post_sidebar_id":"","_kad_post_content_style":"","_kad_post_vertical_padding":"","_kad_post_feature":"","_kad_post_feature_position":"","_kad_post_header":false,"_kad_post_footer":false,"_kad_post_classname":"","jetpack_post_was_ever_published":false,"_jetpack_newsletter_access":"","_jetpack_dont_email_post_to_subs":false,"_jetpack_newsletter_tier_id":0,"_jetpack_memberships_contains_paywalled_content":false,"_jetpack_memberships_contains_paid_content":false,"footnotes":""},"categories":[43],"tags":[134,7,119,70,57,400,409,564,176,225,52,87,298,122,633,91,26,183],"class_list":["post-36122","post","type-post","status-publish","format-standard","hentry","category-the-migration-phenomenon","tag-134","tag-article","tag-associations","tag-citizenship","tag-comparative-analysis","tag-cultural-competency","tag-cultural-diversity","tag-development","tag-economic-integration","tag-first-generation","tag-french-language","tag-history","tag-kosovars","tag-migrants","tag-serbs","tag-social-integration","tag-transnationalism","tag-yugoslavs"],"jetpack_featured_media_url":"","jetpack_sharing_enabled":true,"_links":{"self":[{"href":"https:\/\/swissmig.unine.ch\/index.php?rest_route=\/wp\/v2\/posts\/36122","targetHints":{"allow":["GET"]}}],"collection":[{"href":"https:\/\/swissmig.unine.ch\/index.php?rest_route=\/wp\/v2\/posts"}],"about":[{"href":"https:\/\/swissmig.unine.ch\/index.php?rest_route=\/wp\/v2\/types\/post"}],"author":[{"embeddable":true,"href":"https:\/\/swissmig.unine.ch\/index.php?rest_route=\/wp\/v2\/users\/4"}],"replies":[{"embeddable":true,"href":"https:\/\/swissmig.unine.ch\/index.php?rest_route=%2Fwp%2Fv2%2Fcomments&post=36122"}],"version-history":[{"count":0,"href":"https:\/\/swissmig.unine.ch\/index.php?rest_route=\/wp\/v2\/posts\/36122\/revisions"}],"wp:attachment":[{"href":"https:\/\/swissmig.unine.ch\/index.php?rest_route=%2Fwp%2Fv2%2Fmedia&parent=36122"}],"wp:term":[{"taxonomy":"category","embeddable":true,"href":"https:\/\/swissmig.unine.ch\/index.php?rest_route=%2Fwp%2Fv2%2Fcategories&post=36122"},{"taxonomy":"post_tag","embeddable":true,"href":"https:\/\/swissmig.unine.ch\/index.php?rest_route=%2Fwp%2Fv2%2Ftags&post=36122"}],"curies":[{"name":"wp","href":"https:\/\/api.w.org\/{rel}","templated":true}]}}