{"id":36109,"date":"2024-01-29T08:00:00","date_gmt":"2024-01-29T07:00:00","guid":{"rendered":"https:\/\/swissmig.wordpress.com\/?p=36109"},"modified":"2024-01-29T08:00:00","modified_gmt":"2024-01-29T07:00:00","slug":"soziale-arbeit-und-integrationspolitik-in-der-schweiz-professionelle-positionsbestimmungen","status":"publish","type":"post","link":"https:\/\/swissmig.unine.ch\/?p=36109","title":{"rendered":"Soziale Arbeit und Integrationspolitik in der Schweiz: professionelle Positionsbestimmungen"},"content":{"rendered":"<h3>Editor(s) : Esteban Pi\u00f1eiro, Stefanie Kurt, Eva Mey, Peter Streckeisen<\/h3>\n<h3>Source : <a href=\"https:\/\/www.seismoverlag.ch\/de\/daten\/soziale-arbeit-und-integrationspolitik-in-der-schweiz\/\" target=\"_blank\" rel=\"noopener\">https:\/\/www.seismoverlag.ch\/de\/daten\/soziale-arbeit-und-integrationspolitik-in-der-schweiz\/<\/a><\/h3>\n<p><strong>Abstract: <\/strong><!--more--><\/p>\n<blockquote><p>Fachpersonen der Sozialen Arbeit geh\u00f6ren zu den wichtigsten Akteur:innen in der Integrationsarbeit mit Zugewanderten. In diesem Feld sind vielf\u00e4ltige neue Aufgabenbereiche entstanden, die von ausl\u00e4nder- und asylrechtlichen Vorgaben stark \u00fcberformt werden. Integrationsarbeit ist dadurch \u00e4usserst anforderungsreich geworden. In diesem politisch sensiblen, zuweilen auch widerspr\u00fcchlichen Handlungsfeld muss sich Soziale Arbeit unter Wahrung ihres professionellen Ethos und ihrer fachlichen Maximen positionieren.<br \/>\nWie verh\u00e4lt sie sich gegen\u00fcber gesellschaftlichen Diskursen \u00fcber Migration, Integration, Mobilit\u00e4t und Flucht? Welche Rolle spielt die Soziale Arbeit bei der Umsetzung der Integrationspolitik? Welche Stossrichtung verfolgt sie im Spannungsfeld zwischen Menschenrechten und zunehmend restriktiven Integrations- und Migrationsgesetzen? Der Sammelband bietet eine fundierte Orientierung zu rechtlich-politischen Zusammenh\u00e4ngen und leuchtet zentrale Begriffe aus, er unterzieht Theorien und Konzepte einer kritischen Diskussion und vertieft verschiedene Praxisfelder der migrations- und fl\u00fcchtlingsbezogenen sozialarbeiterischen Integrationsarbeit.<\/p>\n<p><strong>Inhaltsverzeichnis<\/strong><\/p>\n<p>Einleitung: Soziale Arbeit und Integrationspolitik in der Schweiz. Professionelle Positionsbestimmungen \/ Esteban Pi\u00f1eiro, Stefanie Kurt, Eva Mey und Peter Streckeisen<\/p>\n<p>Teil 1 : Grundlegungen zur Schweizer Integrationspolitik<\/p>\n<p>Soziale Arbeit als reflexive Integrationsarbeit \/ Esteban Pi\u00f1eiro<\/p>\n<p>Integration im Migrationsrecht \u2013 eine \u00dcbersicht \/ Stefanie Kurt<\/p>\n<p>Das institutionelle Arrangement der Integrationspolitik in der Schweiz \/ Eva Mey<\/p>\n<p><strong>Teil 2 : Aktuelle Forschungsperspektiven<\/strong><\/p>\n<p>Migrationsforschung als Grundlage von Sozialer Arbeit: Kritik etablierter Ans\u00e4tze und Ausblick auf reflexive Perspektiven \/ Marina Richter<\/p>\n<p>Ethnizit\u00e4t als Konstruktion und die Ethnisierung sozialer Probleme \/ Peter Streckeisen<\/p>\n<p>Von der nationalen Staatsb\u00fcrger:innenschaft zu Urban Citizenship in postmigrantischen Verh\u00e4ltnissen \/ Garabet G\u00fcl<\/p>\n<p>Die Rolle des Staates: Verwaltung, Kontrolle und Grenze \/ Anna Wyss<\/p>\n<p>Postkoloniale Perspektive auf und f\u00fcr die Soziale Arbeit in der Schweiz \/ Eveline Ammann Dula und Swetha Rao Dhananka<\/p>\n<p>Integrationspolitik und Geschlecht \/ Carolin Fischer<\/p>\n<p><strong>Teil 3 : Praxisfelder der Sozialen Arbeit im Kontext von Integration<\/strong><\/p>\n<p>Die \u00f6ffentliche Sozialhilfe zwischen Existenzsicherung, Integration und der Produktion von Ausschluss \/ Yann Bochsler und Lisa Marie Borrelli<\/p>\n<p>Berufsbildungsintegration von \u00abgef\u00e4hrdeten Jugendlichen\u00bb \/ Heidi Hirschfeld und Luca Preite<\/p>\n<p>Integration im Fr\u00fchbereich. Spannungsfelder und Handlungsm\u00f6glichkeiten in Familienbegleitung und Elternbildung \/ Alex Knoll und Rebekka Sieber<\/p>\n<p>Soziale Arbeit mit Gefl\u00fcchteten im Kontext von Quartier und Nachbarschaft \/ Semhar Negash, Berihun Wagaw und Matthias Drilling<\/p>\n<p>Einfluss der Asyl- und Integrationspolitik auf die Stabilisierung von traumatisierten Gefl\u00fcchteten \/ Daniela Olivia Gossweiler<\/p>\n<p>Welche Integration im Alter? \/ Sylvie JohnerKobi<\/p>\n<p>Interventionen der Sozialen Arbeit in Familien: Regulation im Namen der Integration? \/ Margot Vogel Campanello<\/p>\n<p>Soziale Bewegungen als transformative Akteur:innen im Schweizer Integrationsregime \/ Sarah Schilliger<\/p>\n<p>Freiwilligenarbeit: Spannungsverh\u00e4ltnisse und Potenziale zivilgesellschaftlicher Initiativen im Bereich Flucht*Migration \/ Selin Kilic und Sinan Kilic<\/p>\n<p>Erm\u00e4chtigung formal Ausgeschlossener zur gesellschaftlichen Teilhabe: Soziale Arbeit und die Sans-Papiers Problematik \/ Roberto Lopez<\/p>\n<p>Rassismus und Antidiskriminierungsarbeit \/ G\u00fclcan Akkaya<\/p>\n<p>Professionelle Positionsbestimmungen: eine Auslegeordnung \/ Peter Streckeisen, Eva Mey, Stefanie Kurt und Esteban Pi\u00f1eiro<\/p><\/blockquote>\n","protected":false},"excerpt":{"rendered":"<p>Editor(s) : Esteban Pi\u00f1eiro, Stefanie Kurt, Eva Mey, Peter Streckeisen&#8230;<\/p>\n","protected":false},"author":4,"featured_media":0,"comment_status":"open","ping_status":"open","sticky":false,"template":"","format":"standard","meta":{"_kadence_starter_templates_imported_post":false,"_kad_post_transparent":"","_kad_post_title":"","_kad_post_layout":"","_kad_post_sidebar_id":"","_kad_post_content_style":"","_kad_post_vertical_padding":"","_kad_post_feature":"","_kad_post_feature_position":"","_kad_post_header":false,"_kad_post_footer":false,"_kad_post_classname":"","jetpack_post_was_ever_published":false,"_jetpack_newsletter_access":"","_jetpack_dont_email_post_to_subs":false,"_jetpack_newsletter_tier_id":0,"_jetpack_memberships_contains_paywalled_content":false,"_jetpack_memberships_contains_paid_content":false,"footnotes":""},"categories":[24],"tags":[739,317,562,318,142,82,21,148,73,387,36,334,103,91,312,118],"class_list":["post-36109","post","type-post","status-publish","format-standard","hentry","category-society-family-racism","tag-739","tag-ageing","tag-book","tag-children","tag-elderly","tag-ethnic-discrimination","tag-family","tag-gender","tag-german-language","tag-integration-policy","tag-migration-policy","tag-racism","tag-refugees","tag-social-integration","tag-social-work","tag-youth"],"jetpack_featured_media_url":"","jetpack_sharing_enabled":true,"_links":{"self":[{"href":"https:\/\/swissmig.unine.ch\/index.php?rest_route=\/wp\/v2\/posts\/36109","targetHints":{"allow":["GET"]}}],"collection":[{"href":"https:\/\/swissmig.unine.ch\/index.php?rest_route=\/wp\/v2\/posts"}],"about":[{"href":"https:\/\/swissmig.unine.ch\/index.php?rest_route=\/wp\/v2\/types\/post"}],"author":[{"embeddable":true,"href":"https:\/\/swissmig.unine.ch\/index.php?rest_route=\/wp\/v2\/users\/4"}],"replies":[{"embeddable":true,"href":"https:\/\/swissmig.unine.ch\/index.php?rest_route=%2Fwp%2Fv2%2Fcomments&post=36109"}],"version-history":[{"count":0,"href":"https:\/\/swissmig.unine.ch\/index.php?rest_route=\/wp\/v2\/posts\/36109\/revisions"}],"wp:attachment":[{"href":"https:\/\/swissmig.unine.ch\/index.php?rest_route=%2Fwp%2Fv2%2Fmedia&parent=36109"}],"wp:term":[{"taxonomy":"category","embeddable":true,"href":"https:\/\/swissmig.unine.ch\/index.php?rest_route=%2Fwp%2Fv2%2Fcategories&post=36109"},{"taxonomy":"post_tag","embeddable":true,"href":"https:\/\/swissmig.unine.ch\/index.php?rest_route=%2Fwp%2Fv2%2Ftags&post=36109"}],"curies":[{"name":"wp","href":"https:\/\/api.w.org\/{rel}","templated":true}]}}