{"id":36108,"date":"2024-01-29T08:00:00","date_gmt":"2024-01-29T07:00:00","guid":{"rendered":"https:\/\/swissmig.wordpress.com\/?p=36108"},"modified":"2024-01-29T08:00:00","modified_gmt":"2024-01-29T07:00:00","slug":"requerants-dasile-en-souffrance-quels-soins-institutionnels-a-geneve","status":"publish","type":"post","link":"https:\/\/swissmig.unine.ch\/?p=36108","title":{"rendered":"Requ\u00e9rants d&#8217;asile en souffrance : quels soins institutionnels \u00e0 Gen\u00e8ve ?"},"content":{"rendered":"<h3>Author(s) : Javier Bartolomei, Natacha Premand, Rachel Baeriswyl-Cottin<\/h3>\n<h3>Source : <a href=\"https:\/\/www.journal.psy.ulaval.ca\/ojs\/index.php\/ARIRI\/article\/view\/Bartolomei_Alterstice4%282%29\" target=\"_blank\" rel=\"noopener\">https:\/\/www.journal.psy.ulaval.ca\/ojs\/index.php\/ARIRI\/article\/view\/Bartolomei_Alterstice4%282%29<\/a><\/h3>\n<p><strong>Abstract: <\/strong><!--more--><\/p>\n<blockquote>\n<div id=\"articleAbstract\">\n<div>\n<p>La multiplication et l&#8217;intensification des flux migratoires des derni\u00e8res ann\u00e9es ont conduit \u00e0 un afflux parfois soudain de nouvelles populations venant frapper \u00e0 nos portes pour demander asile. Si le parcours migratoire de ces personnes peut se ressembler, leur histoire, leurs trajectoires et de ce fait leurs besoins varient et viennent par l\u00e0-m\u00eame interroger notre syst\u00e8me de soins et ses capacit\u00e9s d&#8217;adaptation. L&#8217;h\u00e9t\u00e9rog\u00e9n\u00e9it\u00e9 des tableaux cliniques rencontr\u00e9s nous oblige d\u00e8s lors \u00e0 proposer diff\u00e9rentes modalit\u00e9s de r\u00e9ponses institutionnelles \u00e0 la souffrance psychique de cette population, qui tiennent compte \u00e0 la fois de ses r\u00e9f\u00e9rences culturelles, de la clinique du trauma dont elle peut \u00eatre porteuses, mais aussi de la part de souffrance li\u00e9e \u00e0 la violence des conditions d&#8217;accueil qu&#8217;elle peut rencontrer.<\/p>\n<\/div>\n<\/div>\n<div id=\"articleSubject\">\n<h4>Mots-cl\u00e9s<\/h4>\n<p>Psychiatrie transculturelle; soins psychiatriques multidisciplinaires; patients requ\u00e9rants d\u2019asile<\/p><\/div>\n<\/blockquote>\n","protected":false},"excerpt":{"rendered":"<p>Author(s) : Javier Bartolomei, Natacha Premand, Rachel Baeriswyl-Cottin Source :&#8230;<\/p>\n","protected":false},"author":4,"featured_media":0,"comment_status":"open","ping_status":"open","sticky":false,"template":"","format":"standard","meta":{"_kadence_starter_templates_imported_post":false,"_kad_post_transparent":"","_kad_post_title":"","_kad_post_layout":"","_kad_post_sidebar_id":"","_kad_post_content_style":"","_kad_post_vertical_padding":"","_kad_post_feature":"","_kad_post_feature_position":"","_kad_post_header":false,"_kad_post_footer":false,"_kad_post_classname":"","jetpack_post_was_ever_published":false,"_jetpack_newsletter_access":"","_jetpack_dont_email_post_to_subs":false,"_jetpack_newsletter_tier_id":0,"_jetpack_memberships_contains_paywalled_content":false,"_jetpack_memberships_contains_paid_content":false,"footnotes":""},"categories":[59],"tags":[6,556,762,7,50,400,409,52,341,157,350,127,184,185,186,394,480,470],"class_list":["post-36108","post","type-post","status-publish","format-standard","hentry","category-health","tag-6","tag-access-to-health-care","tag-access-to-mental-health-care","tag-article","tag-asylum-seekers","tag-cultural-competency","tag-cultural-diversity","tag-french-language","tag-geneva","tag-health-care","tag-health-inequalities","tag-health-policy","tag-hospital","tag-mental-health","tag-psychiatry","tag-psychology","tag-public-health","tag-trauma"],"jetpack_featured_media_url":"","jetpack_sharing_enabled":true,"_links":{"self":[{"href":"https:\/\/swissmig.unine.ch\/index.php?rest_route=\/wp\/v2\/posts\/36108","targetHints":{"allow":["GET"]}}],"collection":[{"href":"https:\/\/swissmig.unine.ch\/index.php?rest_route=\/wp\/v2\/posts"}],"about":[{"href":"https:\/\/swissmig.unine.ch\/index.php?rest_route=\/wp\/v2\/types\/post"}],"author":[{"embeddable":true,"href":"https:\/\/swissmig.unine.ch\/index.php?rest_route=\/wp\/v2\/users\/4"}],"replies":[{"embeddable":true,"href":"https:\/\/swissmig.unine.ch\/index.php?rest_route=%2Fwp%2Fv2%2Fcomments&post=36108"}],"version-history":[{"count":0,"href":"https:\/\/swissmig.unine.ch\/index.php?rest_route=\/wp\/v2\/posts\/36108\/revisions"}],"wp:attachment":[{"href":"https:\/\/swissmig.unine.ch\/index.php?rest_route=%2Fwp%2Fv2%2Fmedia&parent=36108"}],"wp:term":[{"taxonomy":"category","embeddable":true,"href":"https:\/\/swissmig.unine.ch\/index.php?rest_route=%2Fwp%2Fv2%2Fcategories&post=36108"},{"taxonomy":"post_tag","embeddable":true,"href":"https:\/\/swissmig.unine.ch\/index.php?rest_route=%2Fwp%2Fv2%2Ftags&post=36108"}],"curies":[{"name":"wp","href":"https:\/\/api.w.org\/{rel}","templated":true}]}}