{"id":36092,"date":"2024-01-22T08:00:00","date_gmt":"2024-01-22T07:00:00","guid":{"rendered":"https:\/\/swissmig.wordpress.com\/?p=36092"},"modified":"2024-01-22T08:00:00","modified_gmt":"2024-01-22T07:00:00","slug":"nouveau-formulaire-pour-lexecution-des-renvois","status":"publish","type":"post","link":"https:\/\/swissmig.unine.ch\/?p=36092","title":{"rendered":"Nouveau formulaire pour l\u2019ex\u00e9cution des renvois"},"content":{"rendered":"<h3>Author(s) : FMH<\/h3>\n<h3>Source : <a href=\"https:\/\/saez.swisshealthweb.ch\/fr\/article\/doi\/bms.2023.22045\" target=\"_blank\" rel=\"noopener\">https:\/\/saez.swisshealthweb.ch\/fr\/article\/doi\/bms.2023.22045<\/a><\/h3>\n<p><strong>Abstract: <\/strong><!--more--><\/p>\n<blockquote><p><span class=\"text-lead font-size-lead-base\">&#8220;Les bases l\u00e9gales relatives \u00e0 la transmission de donn\u00e9es m\u00e9dicales dans le cadre de l\u2019ex\u00e9cution des renvois ont \u00e9t\u00e9 adapt\u00e9es l\u2019ann\u00e9e derni\u00e8re. Depuis mai 2022, la responsabilit\u00e9 de la d\u00e9cision de l\u2019aptitude au transport incombe \u00e0 l\u2019organisation mandat\u00e9e par le Secr\u00e9tariat d\u2019\u00c9tat aux migrations (SEM), actuellement OSEARA, et non aux m\u00e9decins (p\u00e9nitentiaires) traitants.&#8221;<br \/>\n<\/span><\/p><\/blockquote>\n","protected":false},"excerpt":{"rendered":"<p>Author(s) : FMH Source : https:\/\/saez.swisshealthweb.ch\/fr\/article\/doi\/bms.2023.22045 Abstract:<\/p>\n","protected":false},"author":4,"featured_media":0,"comment_status":"open","ping_status":"open","sticky":false,"template":"","format":"standard","meta":{"_kadence_starter_templates_imported_post":false,"_kad_post_transparent":"","_kad_post_title":"","_kad_post_layout":"","_kad_post_sidebar_id":"","_kad_post_content_style":"","_kad_post_vertical_padding":"","_kad_post_feature":"","_kad_post_feature_position":"","_kad_post_header":false,"_kad_post_footer":false,"_kad_post_classname":"","jetpack_post_was_ever_published":false,"_jetpack_newsletter_access":"","_jetpack_dont_email_post_to_subs":false,"_jetpack_newsletter_tier_id":0,"_jetpack_memberships_contains_paywalled_content":false,"_jetpack_memberships_contains_paid_content":false,"footnotes":""},"categories":[59],"tags":[739,7,111,112,50,358,163,583,52,157,271,303,395,103],"class_list":["post-36092","post","type-post","status-publish","format-standard","hentry","category-health","tag-739","tag-article","tag-asylum-applications","tag-asylum-procedure","tag-asylum-seekers","tag-database","tag-deportation","tag-ethics","tag-french-language","tag-health-care","tag-human-rights-violations","tag-legal-aspects","tag-medicine","tag-refugees"],"jetpack_featured_media_url":"","jetpack_sharing_enabled":true,"_links":{"self":[{"href":"https:\/\/swissmig.unine.ch\/index.php?rest_route=\/wp\/v2\/posts\/36092","targetHints":{"allow":["GET"]}}],"collection":[{"href":"https:\/\/swissmig.unine.ch\/index.php?rest_route=\/wp\/v2\/posts"}],"about":[{"href":"https:\/\/swissmig.unine.ch\/index.php?rest_route=\/wp\/v2\/types\/post"}],"author":[{"embeddable":true,"href":"https:\/\/swissmig.unine.ch\/index.php?rest_route=\/wp\/v2\/users\/4"}],"replies":[{"embeddable":true,"href":"https:\/\/swissmig.unine.ch\/index.php?rest_route=%2Fwp%2Fv2%2Fcomments&post=36092"}],"version-history":[{"count":0,"href":"https:\/\/swissmig.unine.ch\/index.php?rest_route=\/wp\/v2\/posts\/36092\/revisions"}],"wp:attachment":[{"href":"https:\/\/swissmig.unine.ch\/index.php?rest_route=%2Fwp%2Fv2%2Fmedia&parent=36092"}],"wp:term":[{"taxonomy":"category","embeddable":true,"href":"https:\/\/swissmig.unine.ch\/index.php?rest_route=%2Fwp%2Fv2%2Fcategories&post=36092"},{"taxonomy":"post_tag","embeddable":true,"href":"https:\/\/swissmig.unine.ch\/index.php?rest_route=%2Fwp%2Fv2%2Ftags&post=36092"}],"curies":[{"name":"wp","href":"https:\/\/api.w.org\/{rel}","templated":true}]}}