{"id":36087,"date":"2024-01-22T08:00:00","date_gmt":"2024-01-22T07:00:00","guid":{"rendered":"https:\/\/swissmig.wordpress.com\/?p=36087"},"modified":"2024-01-22T08:00:00","modified_gmt":"2024-01-22T07:00:00","slug":"destinazione-dietikon-italienischsprachige-zuwanderer-und-ihr-leben-in-dietikon","status":"publish","type":"post","link":"https:\/\/swissmig.unine.ch\/?p=36087","title":{"rendered":"Destinazione Dietikon: Italienischsprachige Zuwanderer und ihr Leben in Dietikon"},"content":{"rendered":"<h3>Author(s) : Hans Peter Trutmann, Elio Frapolli, Oscar Hummel<\/h3>\n<h3>Source: <a href=\"https:\/\/doi.org\/10.20384\/zop-2739\" target=\"_blank\" rel=\"noopener\">https:\/\/doi.org\/10.20384\/zop-2739<\/a><\/h3>\n<p><strong>Abstract: <\/strong><!--more--><\/p>\n<blockquote><p>Inhalt: 1. Teil (Allgemeines) &#8211; Vom Latein \u00fcber das Vulg\u00e4rlatein und die Dialekte zum heutigen Italienisch ; Sonntags aus der Zwinglistadt nach Dietikon zur Messe ; Die Zuwanderung aus dem S\u00fcden in die Schweiz und nach Dietikon ; \u00abMesserstecher und Krawallanten\u00bb, Italienerkrawall Juli 1896, Erbitterung im Limmattal 1909 ; Die \u00abMarmori\u00bb, l\u00e4rmig und streikfreudig ; Ein M\u00e4dchenheim als \u00abFabrikkloster\u00bb ; Gastst\u00e4tten der Italianit\u00e0: L&#8217;avvicinamento gastronomico ; S\u00fcdl\u00e4ndische Firmen ; Faschismus, Schl\u00e4gereien, Landesverweisungen ; Boccia: Der \u00abpallino\u00bb vereinigt die Sprachen ; \u00dcbernamen: F\u00fcrsorge und Exekutive sind 1962 sehr besorgt ; Besonderheiten in der Umgangssprache von jungen S\u00fcdl\u00e4ndern und \u00ablingua franca\u00bb ; Die Seelsorge f\u00fcr Italienischsprachige ; Vereine f\u00fcr Italienischsprachige ; Ein in Dietikon wohnhafter Tessiner wird beinahe Bundesrat ; Italiener zeichnen einen Arzt aus ; \u00abS\u00fcdl\u00e4ndisches\u00bb in unseren alten Fasnachtszeitungen ; Italianit\u00e0 &#8211; Versuch der Beschreibung einer Lebensart (Elio Frapolli) ; 2. Teil (Kurzbiografien von s\u00fcdl\u00e4ndischen Familien in Dietikon).<\/p><\/blockquote>\n","protected":false},"excerpt":{"rendered":"<p>Author(s) : Hans Peter Trutmann, Elio Frapolli, Oscar Hummel Source:&#8230;<\/p>\n","protected":false},"author":4,"featured_media":0,"comment_status":"open","ping_status":"open","sticky":false,"template":"","format":"standard","meta":{"_kadence_starter_templates_imported_post":false,"_kad_post_transparent":"","_kad_post_title":"","_kad_post_layout":"","_kad_post_sidebar_id":"","_kad_post_content_style":"","_kad_post_vertical_padding":"","_kad_post_feature":"","_kad_post_feature_position":"","_kad_post_header":false,"_kad_post_footer":false,"_kad_post_classname":"","jetpack_post_was_ever_published":false,"_jetpack_newsletter_access":"","_jetpack_dont_email_post_to_subs":false,"_jetpack_newsletter_tier_id":0,"_jetpack_memberships_contains_paywalled_content":false,"_jetpack_memberships_contains_paid_content":false,"footnotes":""},"categories":[24],"tags":[463,119,151,136,176,73,87,175,162,104,66,168,249,91],"class_list":["post-36087","post","type-post","status-publish","format-standard","hentry","category-society-family-racism","tag-463","tag-associations","tag-cultural-identity","tag-diasporas","tag-economic-integration","tag-german-language","tag-history","tag-italians","tag-language-policy","tag-living-conditions","tag-migration","tag-religious-practice","tag-report","tag-social-integration"],"jetpack_featured_media_url":"","jetpack_sharing_enabled":true,"_links":{"self":[{"href":"https:\/\/swissmig.unine.ch\/index.php?rest_route=\/wp\/v2\/posts\/36087","targetHints":{"allow":["GET"]}}],"collection":[{"href":"https:\/\/swissmig.unine.ch\/index.php?rest_route=\/wp\/v2\/posts"}],"about":[{"href":"https:\/\/swissmig.unine.ch\/index.php?rest_route=\/wp\/v2\/types\/post"}],"author":[{"embeddable":true,"href":"https:\/\/swissmig.unine.ch\/index.php?rest_route=\/wp\/v2\/users\/4"}],"replies":[{"embeddable":true,"href":"https:\/\/swissmig.unine.ch\/index.php?rest_route=%2Fwp%2Fv2%2Fcomments&post=36087"}],"version-history":[{"count":0,"href":"https:\/\/swissmig.unine.ch\/index.php?rest_route=\/wp\/v2\/posts\/36087\/revisions"}],"wp:attachment":[{"href":"https:\/\/swissmig.unine.ch\/index.php?rest_route=%2Fwp%2Fv2%2Fmedia&parent=36087"}],"wp:term":[{"taxonomy":"category","embeddable":true,"href":"https:\/\/swissmig.unine.ch\/index.php?rest_route=%2Fwp%2Fv2%2Fcategories&post=36087"},{"taxonomy":"post_tag","embeddable":true,"href":"https:\/\/swissmig.unine.ch\/index.php?rest_route=%2Fwp%2Fv2%2Ftags&post=36087"}],"curies":[{"name":"wp","href":"https:\/\/api.w.org\/{rel}","templated":true}]}}