{"id":36070,"date":"2024-01-15T08:00:00","date_gmt":"2024-01-15T07:00:00","guid":{"rendered":"https:\/\/swissmig.wordpress.com\/?p=36070"},"modified":"2024-01-15T08:00:00","modified_gmt":"2024-01-15T07:00:00","slug":"constitution-et-politique-dimmigration-la-quadrature-des-trois-cercles","status":"publish","type":"post","link":"https:\/\/swissmig.unine.ch\/?p=36070","title":{"rendered":"Constitution et politique d&#8217;immigration: la quadrature des trois cercles"},"content":{"rendered":"<h3>Author(s) : Andreas Auer<\/h3>\n<h3>Source : <a href=\"https:\/\/desexil.com\/wp-content\/uploads\/2021\/05\/Auer-1996-Quadrature-des-3-Cercles.pdf\" target=\"_blank\" rel=\"noopener\">https:\/\/desexil.com\/wp-content\/uploads\/2021\/05\/Auer-1996-Quadrature-des-3-Cercles.pdf<\/a><\/h3>\n<p><strong>Abstract: <\/strong><!--more--><\/p>\n<blockquote><p>Avis de droit relatif \u00e0 la conformit\u00e9 du mod\u00e8le dit des trois cercles et de son application aux ressortissants des pays de l&#8217;ex-Yougoslavie aux Conventions internationales pertinentes et \u00e0 la Constitution f\u00e9d\u00e9rale.<\/p><\/blockquote>\n","protected":false},"excerpt":{"rendered":"<p>Author(s) : Andreas Auer Source : https:\/\/desexil.com\/wp-content\/uploads\/2021\/05\/Auer-1996-Quadrature-des-3-Cercles.pdf Abstract:<\/p>\n","protected":false},"author":4,"featured_media":0,"comment_status":"open","ping_status":"open","sticky":false,"template":"","format":"standard","meta":{"_kadence_starter_templates_imported_post":false,"_kad_post_transparent":"","_kad_post_title":"","_kad_post_layout":"","_kad_post_sidebar_id":"","_kad_post_content_style":"","_kad_post_vertical_padding":"","_kad_post_feature":"","_kad_post_feature_position":"","_kad_post_header":false,"_kad_post_footer":false,"_kad_post_classname":"","jetpack_post_was_ever_published":false,"_jetpack_newsletter_access":"","_jetpack_dont_email_post_to_subs":false,"_jetpack_newsletter_tier_id":0,"_jetpack_memberships_contains_paywalled_content":false,"_jetpack_memberships_contains_paid_content":false,"footnotes":""},"categories":[53],"tags":[577,28,52,133,216,218,303,249],"class_list":["post-36070","post","type-post","status-publish","format-standard","hentry","category-law","tag-577","tag-foreigners","tag-french-language","tag-immigrant-policy","tag-international-cooperation","tag-international-relations","tag-legal-aspects","tag-report"],"jetpack_featured_media_url":"","jetpack_sharing_enabled":true,"_links":{"self":[{"href":"https:\/\/swissmig.unine.ch\/index.php?rest_route=\/wp\/v2\/posts\/36070","targetHints":{"allow":["GET"]}}],"collection":[{"href":"https:\/\/swissmig.unine.ch\/index.php?rest_route=\/wp\/v2\/posts"}],"about":[{"href":"https:\/\/swissmig.unine.ch\/index.php?rest_route=\/wp\/v2\/types\/post"}],"author":[{"embeddable":true,"href":"https:\/\/swissmig.unine.ch\/index.php?rest_route=\/wp\/v2\/users\/4"}],"replies":[{"embeddable":true,"href":"https:\/\/swissmig.unine.ch\/index.php?rest_route=%2Fwp%2Fv2%2Fcomments&post=36070"}],"version-history":[{"count":0,"href":"https:\/\/swissmig.unine.ch\/index.php?rest_route=\/wp\/v2\/posts\/36070\/revisions"}],"wp:attachment":[{"href":"https:\/\/swissmig.unine.ch\/index.php?rest_route=%2Fwp%2Fv2%2Fmedia&parent=36070"}],"wp:term":[{"taxonomy":"category","embeddable":true,"href":"https:\/\/swissmig.unine.ch\/index.php?rest_route=%2Fwp%2Fv2%2Fcategories&post=36070"},{"taxonomy":"post_tag","embeddable":true,"href":"https:\/\/swissmig.unine.ch\/index.php?rest_route=%2Fwp%2Fv2%2Ftags&post=36070"}],"curies":[{"name":"wp","href":"https:\/\/api.w.org\/{rel}","templated":true}]}}