{"id":36046,"date":"2024-01-08T08:00:00","date_gmt":"2024-01-08T07:00:00","guid":{"rendered":"https:\/\/swissmig.wordpress.com\/?p=36046"},"modified":"2024-01-08T08:00:00","modified_gmt":"2024-01-08T07:00:00","slug":"arbeiten-in-der-dach-region-aspekte-zu-branding-und-erwerbsmigration","status":"publish","type":"post","link":"https:\/\/swissmig.unine.ch\/?p=36046","title":{"rendered":"Arbeiten in der DACH-Region : Aspekte zu Branding und Erwerbsmigration"},"content":{"rendered":"<h3>Author(s) : Cornelia Walter, Zeina Matar<\/h3>\n<h3>Source : <a href=\"https:\/\/link.springer.com\/chapter\/10.1007\/978-3-658-41417-7_3\" target=\"_blank\" rel=\"noopener\">https:\/\/link.springer.com\/chapter\/10.1007\/978-3-658-41417-7_3<\/a><\/h3>\n<p><strong>Abstract: <\/strong><!--more--><\/p>\n<blockquote><p>Warum ben\u00f6tigen Unternehmen in der DACH-Region so dringend internationale Fachkr\u00e4fte? Und warum wurde f\u00fcr dieses schon lange bestehende Ph\u00e4nomen noch keine L\u00f6sung gefunden? Die Geschichte der Erwerbsmigration in der DACH-Region beginnt bereits in den 1950er-Jahren mit den Anwerbeaktionen von Arbeitskr\u00e4ften. Mittlerweile werden immer noch Arbeitskr\u00e4fte z. B. f\u00fcr die Baubranche gesucht, doch es gibt weitaus mehr offenen Stellen f\u00fcr Fachkr\u00e4fte. Die demografische Entwicklungen versch\u00e4rft diesen Umstand, sodass die Suche nach internationalen Fachkr\u00e4ften immer dringender wird. Doch was veranlasst internationale Fachkr\u00e4fte, in der DACH-Region zu arbeiten? Die Sprache und die b\u00fcrokratischen H\u00fcrden hindern viele Fachkr\u00e4fte, sich zu bewerben und sich niederzulassen. In diesem Kapitel werden mehrere M\u00f6glichkeiten aufgezeigt, die Attraktivit\u00e4t der DACH-Region und die Unternehmen hervorzuheben und damit Fachkr\u00e4fte anzuwerben. Ein Konzept ist das Place Branding, beim dem sich St\u00e4dte oder Regionen mit positiv besetzten Merkmalen von anderen unterscheiden. So werben viele St\u00e4dte mit bekannten Musiker*innen oder Schriftsteller*innen. Das zitierte Expat City Ranking zeigt jedoch neue Parameter auf, die f\u00fcr internationale Fachkr\u00e4ften wichtig sind. Letztendlich bestimmen immer noch die rechtlichen Migrationsverordnungen, ob die Migration f\u00fcr Fachkr\u00e4fte leicht oder schwer gemacht wird. In diesem Kapitel werden vor allem Wege f\u00fcr die Einreise von au\u00dferhalb der EU aufgezeigt. Auch wenn die Bluecard f\u00fcr die Einreise in die EU gilt, gibt es in der DACH-Region einzelne Bestimmung wie das Fachkr\u00e4fteeinwanderungsgesetz in Deutschland, die Rot-Wei\u00df-Rot-Karte in \u00d6sterreich und das Ausl\u00e4nder- und Integrationsgesetz in der Schweiz.<\/p><\/blockquote>\n","protected":false},"excerpt":{"rendered":"<p>Author(s) : Cornelia Walter, Zeina Matar Source : https:\/\/link.springer.com\/chapter\/10.1007\/978-3-658-41417-7_3 Abstract:<\/p>\n","protected":false},"author":4,"featured_media":0,"comment_status":"open","ping_status":"open","sticky":false,"template":"","format":"standard","meta":{"_kadence_starter_templates_imported_post":false,"_kad_post_transparent":"","_kad_post_title":"","_kad_post_layout":"","_kad_post_sidebar_id":"","_kad_post_content_style":"","_kad_post_vertical_padding":"","_kad_post_feature":"","_kad_post_feature_position":"","_kad_post_header":false,"_kad_post_footer":false,"_kad_post_classname":"","jetpack_post_was_ever_published":false,"_jetpack_newsletter_access":"","_jetpack_dont_email_post_to_subs":false,"_jetpack_newsletter_tier_id":0,"_jetpack_memberships_contains_paywalled_content":false,"_jetpack_memberships_contains_paid_content":false,"footnotes":""},"categories":[16],"tags":[739,251,32,15,240,73,226,19,83,100,36,384],"class_list":["post-36046","post","type-post","status-publish","format-standard","hentry","category-economics","tag-739","tag-austria","tag-book-chapter","tag-economic-impact","tag-employment","tag-german-language","tag-germany","tag-labour-market","tag-labour-market-policy","tag-labour-migration","tag-migration-policy","tag-workers"],"jetpack_featured_media_url":"","jetpack_sharing_enabled":true,"_links":{"self":[{"href":"https:\/\/swissmig.unine.ch\/index.php?rest_route=\/wp\/v2\/posts\/36046","targetHints":{"allow":["GET"]}}],"collection":[{"href":"https:\/\/swissmig.unine.ch\/index.php?rest_route=\/wp\/v2\/posts"}],"about":[{"href":"https:\/\/swissmig.unine.ch\/index.php?rest_route=\/wp\/v2\/types\/post"}],"author":[{"embeddable":true,"href":"https:\/\/swissmig.unine.ch\/index.php?rest_route=\/wp\/v2\/users\/4"}],"replies":[{"embeddable":true,"href":"https:\/\/swissmig.unine.ch\/index.php?rest_route=%2Fwp%2Fv2%2Fcomments&post=36046"}],"version-history":[{"count":0,"href":"https:\/\/swissmig.unine.ch\/index.php?rest_route=\/wp\/v2\/posts\/36046\/revisions"}],"wp:attachment":[{"href":"https:\/\/swissmig.unine.ch\/index.php?rest_route=%2Fwp%2Fv2%2Fmedia&parent=36046"}],"wp:term":[{"taxonomy":"category","embeddable":true,"href":"https:\/\/swissmig.unine.ch\/index.php?rest_route=%2Fwp%2Fv2%2Fcategories&post=36046"},{"taxonomy":"post_tag","embeddable":true,"href":"https:\/\/swissmig.unine.ch\/index.php?rest_route=%2Fwp%2Fv2%2Ftags&post=36046"}],"curies":[{"name":"wp","href":"https:\/\/api.w.org\/{rel}","templated":true}]}}