{"id":36033,"date":"2024-01-01T08:00:00","date_gmt":"2024-01-01T07:00:00","guid":{"rendered":"https:\/\/swissmig.wordpress.com\/?p=36033"},"modified":"2024-01-01T08:00:00","modified_gmt":"2024-01-01T07:00:00","slug":"penser-laccompagnement-linguistique-des-personnes-migrantes-en-suisse-romande-benevolat-formation-et-specialisations","status":"publish","type":"post","link":"https:\/\/swissmig.unine.ch\/?p=36033","title":{"rendered":"Penser l\u2019accompagnement linguistique des personnes migrantes en Suisse romande : b\u00e9n\u00e9volat, formation et sp\u00e9cialisations"},"content":{"rendered":"<h3>Author(s) : Anne-Christel <span class=\"familyName\">Zeiter<\/span><\/h3>\n<h3>Source : <a href=\"https:\/\/doi.org\/10.4000\/rdlc.12406\" target=\"_blank\" rel=\"noopener\">https:\/\/doi.org\/10.4000\/rdlc.12406<\/a><\/h3>\n<p><strong>Abstract: <\/strong><!--more--><\/p>\n<blockquote><p>La formation linguistique des migrant\u00b7e\u00b7s adultes pose une \u00e9quation aujourd\u2019hui presque insoluble, en Suisse romande comme ailleurs sans doute : si l\u2019on consid\u00e8re la professionnalisation de ce domaine comme souhaitable et n\u00e9cessaire, pour diff\u00e9rentes raisons \u00e9voqu\u00e9es ici, comment y parvenir sans perdre pour autant les b\u00e9n\u00e9voles qui d\u00e9sirent s\u2019y impliquer ? Et pourquoi le b\u00e9n\u00e9volat est-il si n\u00e9cessaire dans ce contexte ? Le pr\u00e9sent article brosse le portrait de la formation linguistique en Suisse romande, pour d\u00e9gager les enjeux administrativo-l\u00e9gaux et politiques qui en influencent l\u2019organisation, tant sur le plan des formations de formateur\u00b7trice\u00b7s que sur celui de la mobilisation des b\u00e9n\u00e9voles. Il conclut sur une proposition susceptible de commencer \u00e0 r\u00e9soudre cette \u00e9quation de d\u00e9part par une perspective portant non plus sur les statuts des actrice\u00b7teur\u00b7s de la formation linguistique, mais sur des objectifs de prestation diff\u00e9renci\u00e9s.<\/p>\n<div class=\"index ltr\">\n<h3>Mots-cl\u00e9s\u00a0:<\/h3>\n<p>b\u00e9n\u00e9volat, formation d\u2019adultes, migration, int\u00e9gration, fran\u00e7ais langue d\u2019int\u00e9gration<\/p><\/div>\n<\/blockquote>\n","protected":false},"excerpt":{"rendered":"<p>Author(s) : Anne-Christel Zeiter Source : https:\/\/doi.org\/10.4000\/rdlc.12406 Abstract:<\/p>\n","protected":false},"author":4,"featured_media":0,"comment_status":"open","ping_status":"open","sticky":false,"template":"","format":"standard","meta":{"_kadence_starter_templates_imported_post":false,"_kad_post_transparent":"","_kad_post_title":"","_kad_post_layout":"","_kad_post_sidebar_id":"","_kad_post_content_style":"","_kad_post_vertical_padding":"","_kad_post_feature":"","_kad_post_feature_position":"","_kad_post_header":false,"_kad_post_footer":false,"_kad_post_classname":"","jetpack_post_was_ever_published":false,"_jetpack_newsletter_access":"","_jetpack_dont_email_post_to_subs":false,"_jetpack_newsletter_tier_id":0,"_jetpack_memberships_contains_paywalled_content":false,"_jetpack_memberships_contains_paid_content":false,"footnotes":""},"categories":[61],"tags":[739,761,7,52,161,91,63,428],"class_list":["post-36033","post","type-post","status-publish","format-standard","hentry","category-education","tag-739","tag-adults","tag-article","tag-french-language","tag-language-education","tag-social-integration","tag-training","tag-volunteering"],"jetpack_featured_media_url":"","jetpack_sharing_enabled":true,"_links":{"self":[{"href":"https:\/\/swissmig.unine.ch\/index.php?rest_route=\/wp\/v2\/posts\/36033","targetHints":{"allow":["GET"]}}],"collection":[{"href":"https:\/\/swissmig.unine.ch\/index.php?rest_route=\/wp\/v2\/posts"}],"about":[{"href":"https:\/\/swissmig.unine.ch\/index.php?rest_route=\/wp\/v2\/types\/post"}],"author":[{"embeddable":true,"href":"https:\/\/swissmig.unine.ch\/index.php?rest_route=\/wp\/v2\/users\/4"}],"replies":[{"embeddable":true,"href":"https:\/\/swissmig.unine.ch\/index.php?rest_route=%2Fwp%2Fv2%2Fcomments&post=36033"}],"version-history":[{"count":0,"href":"https:\/\/swissmig.unine.ch\/index.php?rest_route=\/wp\/v2\/posts\/36033\/revisions"}],"wp:attachment":[{"href":"https:\/\/swissmig.unine.ch\/index.php?rest_route=%2Fwp%2Fv2%2Fmedia&parent=36033"}],"wp:term":[{"taxonomy":"category","embeddable":true,"href":"https:\/\/swissmig.unine.ch\/index.php?rest_route=%2Fwp%2Fv2%2Fcategories&post=36033"},{"taxonomy":"post_tag","embeddable":true,"href":"https:\/\/swissmig.unine.ch\/index.php?rest_route=%2Fwp%2Fv2%2Ftags&post=36033"}],"curies":[{"name":"wp","href":"https:\/\/api.w.org\/{rel}","templated":true}]}}