{"id":36019,"date":"2023-12-25T08:00:00","date_gmt":"2023-12-25T07:00:00","guid":{"rendered":"https:\/\/swissmig.wordpress.com\/?p=36019"},"modified":"2023-12-25T08:00:00","modified_gmt":"2023-12-25T07:00:00","slug":"ohne-papiere-aber-nicht-rechtlos-sans-papiers-mais-pas-sans-droits","status":"publish","type":"post","link":"https:\/\/swissmig.unine.ch\/?p=36019","title":{"rendered":"Ohne Papiere, aber nicht rechtlos = Sans papiers, mais pas sans droits"},"content":{"rendered":"<h3>Author(s) : Denise Efionayi-M\u00e4der, Christin Achermann<\/h3>\n<h3>Source (DE, S. 359) : <a href=\"https:\/\/www.bsv.admin.ch\/dam\/bsv\/de\/dokumente\/themenuebergreifend\/publikationen\/CHSS\/chss-06-2003.pdf.download.pdf\/soziale_sicherheitchss62003dauertdasverfahrenderinvalidenversich.pdf\" target=\"_blank\" rel=\"noopener\">https:\/\/www.bsv.admin.ch\/dam\/bsv\/de\/dokumente\/themenuebergreifend\/publikationen\/CHSS\/chss-06-2003.pdf.download.pdf\/soziale_sicherheitchss62003dauertdasverfahrenderinvalidenversich.pdf<\/a><\/h3>\n<h3>Source (FR, p. 359) : <a href=\"https:\/\/www.bsv.admin.ch\/dam\/bsv\/fr\/dokumente\/themenuebergreifend\/publikationen\/CHSS\/chss-06-2003.pdf.download.pdf\/securite_socialechss62003laproceduredanslassurance-invaliditeest.pdf\" target=\"_blank\" rel=\"noopener\">https:\/\/www.bsv.admin.ch\/dam\/bsv\/fr\/dokumente\/themenuebergreifend\/publikationen\/CHSS\/chss-06-2003.pdf.download.pdf\/securite_socialechss62003laproceduredanslassurance-invaliditeest.pdf<\/a><\/h3>\n<p><strong>Abstract: <\/strong><!--more--><\/p>\n<blockquote>\n<p>&#8220;Der Aufenthalt von Zuwanderern ohne g\u00fcltige Bewilligung wird in der Schweiz erst seit den letzten paar Jahren \u00f6ffentlich wahrgenommen. Um die Rahmenbedingungen des unbewilligten Aufenthalts sowie die Umst\u00e4nde von Illegalisierungsprozessen zu beleuchten, hat das BSV das<br \/>Schweizerische Forum f\u00fcr Migrations- und Bev\u00f6lkerungsstudien beauftragt, eine Standortbestimmung der Situation von Sans-Papiers in der Schweiz unter besonderer Ber\u00fccksichtigung der sozialrechtlichen Vorkehrungen in Theorie und Praxis vorzunehmen. Nachfolgend werden die Hauptergebnisse dieses Berichts zusammengefasst.&#8221;<\/p>\n<p>&#8220;Le s\u00e9jour des migrants sans autorisation valable n\u2019est pris officiellement en consid\u00e9ration en Suisse que depuis quelques ann\u00e9es. Afin de mettre en lumi\u00e8re les conditions-cadres du s\u00e9jour sans autorisation et les circonstances des processus d\u2019immigration ill\u00e9gale, l\u2019OFAS a charg\u00e9<br \/>le Forum suisse pour l\u2019\u00e9tude des migrations et de la population de dresser, en th\u00e9orie et en pratique, un \u00e9tat des lieux de la situation des sans-papiers dans notre pays, en tenant compte notamment des dispositions du droit social. Les principaux r\u00e9sultats de ce rapport sont r\u00e9sum\u00e9s dans l\u2019article qui suit.&#8221;<\/p>\n<\/blockquote>\n\n\n<p><\/p>\n","protected":false},"excerpt":{"rendered":"<p>Author(s) : Denise Efionayi-M\u00e4der, Christin Achermann Source (DE, S. 359)&#8230;<\/p>\n","protected":false},"author":4,"featured_media":0,"comment_status":"open","ping_status":"open","sticky":false,"template":"","format":"standard","meta":{"_kadence_starter_templates_imported_post":false,"_kad_post_transparent":"","_kad_post_title":"","_kad_post_layout":"","_kad_post_sidebar_id":"","_kad_post_content_style":"","_kad_post_vertical_padding":"","_kad_post_feature":"","_kad_post_feature_position":"","_kad_post_header":false,"_kad_post_footer":false,"_kad_post_classname":"","jetpack_post_was_ever_published":false,"_jetpack_newsletter_access":"","_jetpack_dont_email_post_to_subs":false,"_jetpack_newsletter_tier_id":0,"_jetpack_memberships_contains_paywalled_content":false,"_jetpack_memberships_contains_paid_content":false,"footnotes":""},"categories":[12],"tags":[481,7,49,37,307,52,73,133,303,36,103,716,308,262],"class_list":["post-36019","post","type-post","status-publish","format-standard","hentry","category-politics","tag-481","tag-article","tag-asylum-policy","tag-attitudes-towards-migrants","tag-civil-and-political-rights","tag-french-language","tag-german-language","tag-immigrant-policy","tag-legal-aspects","tag-migration-policy","tag-refugees","tag-sfm","tag-social-security","tag-undocumented-immigrants"],"jetpack_featured_media_url":"","jetpack_sharing_enabled":true,"_links":{"self":[{"href":"https:\/\/swissmig.unine.ch\/index.php?rest_route=\/wp\/v2\/posts\/36019","targetHints":{"allow":["GET"]}}],"collection":[{"href":"https:\/\/swissmig.unine.ch\/index.php?rest_route=\/wp\/v2\/posts"}],"about":[{"href":"https:\/\/swissmig.unine.ch\/index.php?rest_route=\/wp\/v2\/types\/post"}],"author":[{"embeddable":true,"href":"https:\/\/swissmig.unine.ch\/index.php?rest_route=\/wp\/v2\/users\/4"}],"replies":[{"embeddable":true,"href":"https:\/\/swissmig.unine.ch\/index.php?rest_route=%2Fwp%2Fv2%2Fcomments&post=36019"}],"version-history":[{"count":0,"href":"https:\/\/swissmig.unine.ch\/index.php?rest_route=\/wp\/v2\/posts\/36019\/revisions"}],"wp:attachment":[{"href":"https:\/\/swissmig.unine.ch\/index.php?rest_route=%2Fwp%2Fv2%2Fmedia&parent=36019"}],"wp:term":[{"taxonomy":"category","embeddable":true,"href":"https:\/\/swissmig.unine.ch\/index.php?rest_route=%2Fwp%2Fv2%2Fcategories&post=36019"},{"taxonomy":"post_tag","embeddable":true,"href":"https:\/\/swissmig.unine.ch\/index.php?rest_route=%2Fwp%2Fv2%2Ftags&post=36019"}],"curies":[{"name":"wp","href":"https:\/\/api.w.org\/{rel}","templated":true}]}}