{"id":36016,"date":"2023-12-25T08:00:00","date_gmt":"2023-12-25T07:00:00","guid":{"rendered":"https:\/\/swissmig.wordpress.com\/?p=36016"},"modified":"2023-12-25T08:00:00","modified_gmt":"2023-12-25T07:00:00","slug":"yougo-verso-le-journal-des-jeunes-lausannois-originaires-dex-yougoslavie","status":"publish","type":"post","link":"https:\/\/swissmig.unine.ch\/?p=36016","title":{"rendered":"Yougo-Verso : le journal des jeunes Lausannois originaires d&#8217;ex-Yougoslavie"},"content":{"rendered":"<h3>Author(s) : Corinne Bloch, Direction du d\u00e9veloppement et de la coop\u00e9ration<\/h3>\n<h3>Source : <a href=\"https:\/\/junglecom.ch\/yougo-verso\/\" target=\"_blank\" rel=\"noopener\">https:\/\/junglecom.ch\/yougo-verso\/<\/a><\/h3>\n<h3><strong>Abstract: <\/strong><!--more--><\/h3>\n<blockquote>\n<div class=\"col-md-2-grid-12 order-1 order-sm-0\">&#8220;Ils s\u2019appellent Emin, Minela, Mentor, Sara, Venhard&#8230; Ils ont entre 15 et 27 ans, sont gymnasiens, \u00e9tudiants, employ\u00e9s de commerce, ch\u00f4meurs\u2026 Certains d\u2019entre eux sont n\u00e9s en Suisse, d\u2019autres sont arriv\u00e9s \u00e0 Lausanne il y a moins d\u2019une dizaine d\u2019ann\u00e9es. Ils poss\u00e8dent un permis F, C, ou sont naturalis\u00e9s. Ils ont tous en commun d\u2019\u00eatre originaires de l\u2019un des pays d\u2019ex-Yougoslavie et donc de vivre entre deux cultures. Surtout d\u2019en cr\u00e9er une nouvelle. Autant de parcours diff\u00e9rents, d\u2019histoires \u00e0 raconter, d\u2019exp\u00e9riences \u00e0 partager.&#8221;<\/div>\n<\/blockquote>\n","protected":false},"excerpt":{"rendered":"<p>Author(s) : Corinne Bloch, Direction du d\u00e9veloppement et de la&#8230;<\/p>\n","protected":false},"author":4,"featured_media":0,"comment_status":"open","ping_status":"open","sticky":false,"template":"","format":"standard","meta":{"_kadence_starter_templates_imported_post":false,"_kad_post_transparent":"","_kad_post_title":"","_kad_post_layout":"","_kad_post_sidebar_id":"","_kad_post_content_style":"","_kad_post_vertical_padding":"","_kad_post_feature":"","_kad_post_feature_position":"","_kad_post_header":false,"_kad_post_footer":false,"_kad_post_classname":"","jetpack_post_was_ever_published":false,"_jetpack_newsletter_access":"","_jetpack_dont_email_post_to_subs":false,"_jetpack_newsletter_tier_id":0,"_jetpack_memberships_contains_paywalled_content":false,"_jetpack_memberships_contains_paid_content":false,"footnotes":""},"categories":[24],"tags":[417,307,151,176,52,115,180,249,166,145,91,290,347,118,183],"class_list":["post-36016","post","type-post","status-publish","format-standard","hentry","category-society-family-racism","tag-417","tag-civil-and-political-rights","tag-cultural-identity","tag-economic-integration","tag-french-language","tag-mass-media","tag-multiculturalism","tag-report","tag-residence-permits","tag-second-generation","tag-social-integration","tag-students","tag-testimonies","tag-youth","tag-yugoslavs"],"jetpack_featured_media_url":"","jetpack_sharing_enabled":true,"_links":{"self":[{"href":"https:\/\/swissmig.unine.ch\/index.php?rest_route=\/wp\/v2\/posts\/36016","targetHints":{"allow":["GET"]}}],"collection":[{"href":"https:\/\/swissmig.unine.ch\/index.php?rest_route=\/wp\/v2\/posts"}],"about":[{"href":"https:\/\/swissmig.unine.ch\/index.php?rest_route=\/wp\/v2\/types\/post"}],"author":[{"embeddable":true,"href":"https:\/\/swissmig.unine.ch\/index.php?rest_route=\/wp\/v2\/users\/4"}],"replies":[{"embeddable":true,"href":"https:\/\/swissmig.unine.ch\/index.php?rest_route=%2Fwp%2Fv2%2Fcomments&post=36016"}],"version-history":[{"count":0,"href":"https:\/\/swissmig.unine.ch\/index.php?rest_route=\/wp\/v2\/posts\/36016\/revisions"}],"wp:attachment":[{"href":"https:\/\/swissmig.unine.ch\/index.php?rest_route=%2Fwp%2Fv2%2Fmedia&parent=36016"}],"wp:term":[{"taxonomy":"category","embeddable":true,"href":"https:\/\/swissmig.unine.ch\/index.php?rest_route=%2Fwp%2Fv2%2Fcategories&post=36016"},{"taxonomy":"post_tag","embeddable":true,"href":"https:\/\/swissmig.unine.ch\/index.php?rest_route=%2Fwp%2Fv2%2Ftags&post=36016"}],"curies":[{"name":"wp","href":"https:\/\/api.w.org\/{rel}","templated":true}]}}