{"id":36011,"date":"2023-12-25T08:00:00","date_gmt":"2023-12-25T07:00:00","guid":{"rendered":"https:\/\/swissmig.wordpress.com\/?p=36011"},"modified":"2023-12-25T08:00:00","modified_gmt":"2023-12-25T07:00:00","slug":"democratization-of-ageing-also-a-reality-for-elderly-immigrants-la-democratisation-de-la-vieillesse-une-realite-aussi-pour-les-immigres-ages","status":"publish","type":"post","link":"https:\/\/swissmig.unine.ch\/?p=36011","title":{"rendered":"Democratization of ageing: also a reality for elderly immigrants? \/ La d\u00e9mocratisation de la vieillesse: une r\u00e9alit\u00e9 aussi pour les immigr\u00e9s \u00e2g\u00e9s?"},"content":{"rendered":"<h3>Author(s) : Claudio Bolzman<\/h3>\n<p><strong>Source: <a href=\"https:\/\/doi.org\/10.1080\/13691457.2011.562018\" target=\"_blank\" rel=\"noopener\">https:\/\/doi.org\/10.1080\/13691457.2011.562018<\/a><\/strong><!--more--><\/p>\n<blockquote><p>&#8220;Various papers published in Switzerland and elsewhere in Europe have highlighted an improvement in the living conditions of new cohorts reaching retirement age. This paper examines whether this general trend to old age democratization applies also to elderly immigrants. It reviews some dimensions of the older immigrant population situation in Switzerland. It explores mainly their socio-economic and health situation. The article also examines their access to social security and to social services for elderly people. It reports selected findings from two original surveys carried in Switzerland in the 1990s (Pre-Retired Immigrants study, PRI) and the 2000s (Minority Elderly Care study, MEC) on older Italian, Spanish and former Yugoslavians citizens who are residents in the country. The article gives also more general information about Swiss social security and social work with older populations.&#8221;<\/p>\n<p><strong>Keywords<\/strong>: Elderly Immigrants, Switzerland, Social and Health Situation, Inequalities, Social Security, Access to Social Services<\/p>\n<div class=\"hlFld-Abstract transAbstract\" lang=\"DE\">\n<p class=\"first last\">&#8220;Diff\u00e9rents travaux publi\u00e9s en Suisse et ailleurs en Europe ont mis en \u00e9vidence une am\u00e9lioration des conditions de vie de nouvelles cohortes qui arrivent \u00e0 l\u2019\u00e2ge de la retraite. Cet article examine si cette tendance g\u00e9n\u00e9rale vers une d\u00e9mocratisation de la vieillesse s&#8217;applique aussi aux immigr\u00e9s \u00e2g\u00e9s. Il passe en revue un certain nombre de dimensions concernant la situation de la population \u00e2g\u00e9e immigr\u00e9e r\u00e9sidante en Suisse. Il s\u2018int\u00e9resse principalement \u00e0 la situation de cette population tant sur le plan socio-\u00e9conomique que sur celui de la sant\u00e9. L&#8217;article analyse aussi les questions d&#8217;acc\u00e8s des immigr\u00e9s \u00e2g\u00e9s \u00e0 la s\u00e9curit\u00e9 sociale et aux services sociaux pour les personnes \u00e2g\u00e9es. Le mat\u00e9riel empirique qui sert de base \u00e0 l&#8217;article est tir\u00e9 de deux recherches men\u00e9es en Suisse dans les ann\u00e9es 1990 (\u00e9tude Pr\u00e9-retrait\u00e9s immigr\u00e9s, PRI) et dans les ann\u00e9es 2000 (\u00e9tude Minority Elderly Care, MEC), sur des personnes \u00e2g\u00e9es italiennes, espagnoles et ex-Yougoslaves qui r\u00e9sident dans ce pays. L&#8217;article fournit \u00e9galement des informations plus g\u00e9n\u00e9rales sur le syst\u00e8me suisse de s\u00e9curit\u00e9 social et sur le travail social avec des populations \u00e2g\u00e9es.&#8221;<\/p>\n<\/div>\n<p><span class=\"typography-body        \"><strong>Mots-cl\u00e9s<\/strong>:\u00a0<\/span> Immigr\u00e9s \u00e2g\u00e9s, Suisse, Situation Sociale et Sanitaire, In\u00e9galit\u00e9s, S\u00e9curit\u00e9 Sociale, Acc\u00e8s aux Services Sociaux<\/p><\/blockquote>\n","protected":false},"excerpt":{"rendered":"<p>Author(s) : Claudio Bolzman Source: https:\/\/doi.org\/10.1080\/13691457.2011.562018<\/p>\n","protected":false},"author":4,"featured_media":0,"comment_status":"open","ping_status":"open","sticky":false,"template":"","format":"standard","meta":{"_kadence_starter_templates_imported_post":false,"_kad_post_transparent":"","_kad_post_title":"","_kad_post_layout":"","_kad_post_sidebar_id":"","_kad_post_content_style":"","_kad_post_vertical_padding":"","_kad_post_feature":"","_kad_post_feature_position":"","_kad_post_header":false,"_kad_post_footer":false,"_kad_post_classname":"","jetpack_post_was_ever_published":false,"_jetpack_newsletter_access":"","_jetpack_dont_email_post_to_subs":false,"_jetpack_newsletter_tier_id":0,"_jetpack_memberships_contains_paywalled_content":false,"_jetpack_memberships_contains_paid_content":false,"footnotes":""},"categories":[24],"tags":[255,556,7,57,142,9,82,350,104,60,103,348,47,308,279],"class_list":["post-36011","post","type-post","status-publish","format-standard","hentry","category-society-family-racism","tag-255","tag-access-to-health-care","tag-article","tag-comparative-analysis","tag-elderly","tag-english-language","tag-ethnic-discrimination","tag-health-inequalities","tag-living-conditions","tag-older-migrants","tag-refugees","tag-retirement","tag-social-inequalities","tag-social-security","tag-socioeconomic-factors"],"jetpack_featured_media_url":"","jetpack_sharing_enabled":true,"_links":{"self":[{"href":"https:\/\/swissmig.unine.ch\/index.php?rest_route=\/wp\/v2\/posts\/36011","targetHints":{"allow":["GET"]}}],"collection":[{"href":"https:\/\/swissmig.unine.ch\/index.php?rest_route=\/wp\/v2\/posts"}],"about":[{"href":"https:\/\/swissmig.unine.ch\/index.php?rest_route=\/wp\/v2\/types\/post"}],"author":[{"embeddable":true,"href":"https:\/\/swissmig.unine.ch\/index.php?rest_route=\/wp\/v2\/users\/4"}],"replies":[{"embeddable":true,"href":"https:\/\/swissmig.unine.ch\/index.php?rest_route=%2Fwp%2Fv2%2Fcomments&post=36011"}],"version-history":[{"count":0,"href":"https:\/\/swissmig.unine.ch\/index.php?rest_route=\/wp\/v2\/posts\/36011\/revisions"}],"wp:attachment":[{"href":"https:\/\/swissmig.unine.ch\/index.php?rest_route=%2Fwp%2Fv2%2Fmedia&parent=36011"}],"wp:term":[{"taxonomy":"category","embeddable":true,"href":"https:\/\/swissmig.unine.ch\/index.php?rest_route=%2Fwp%2Fv2%2Fcategories&post=36011"},{"taxonomy":"post_tag","embeddable":true,"href":"https:\/\/swissmig.unine.ch\/index.php?rest_route=%2Fwp%2Fv2%2Ftags&post=36011"}],"curies":[{"name":"wp","href":"https:\/\/api.w.org\/{rel}","templated":true}]}}