{"id":36009,"date":"2023-12-25T08:00:00","date_gmt":"2023-12-25T07:00:00","guid":{"rendered":"https:\/\/swissmig.wordpress.com\/?p=36009"},"modified":"2023-12-25T08:00:00","modified_gmt":"2023-12-25T07:00:00","slug":"versorgung-der-psychischen-gesundheit-von-asylsuchenden-im-kanton-neuenburg","status":"publish","type":"post","link":"https:\/\/swissmig.unine.ch\/?p=36009","title":{"rendered":"Versorgung der psychischen Gesundheit von Asylsuchenden im Kanton Neuenburg"},"content":{"rendered":"<h3>Author(s) : Mara Abriel, Z\u00e9nia Fisler, Maeva Reber, Lorena Scagnetti<\/h3>\n<h3>Source : <a href=\"http:\/\/dx.doi.org\/10.4414\/phc-d.2023.10652\" target=\"_blank\" rel=\"noopener\">http:\/\/dx.doi.org\/10.4414\/phc-d.2023.10652<\/a><\/h3>\n<p><strong>Abstract: <\/strong><!--more--><\/p>\n<blockquote><p>&#8220;Im Mai 2021 befanden sich im Kanton Neuenburg 965 Personen im Asylprozess. Dazu kommen Personen mit irregul\u00e4rem Aufenthaltsstatus, die illegal in die Schweiz eingereist sind, sowie weggewiesene Personen. Gegenstand der Studie ist die Versorgung im Bereich der psychischen Gesundheit dieser Population, die eine h\u00f6here Pr\u00e4valenz psychiatrischer St\u00f6rungen als andere Bev\u00f6lkerungsgruppen aufweist und deren Zugang zu medizinischer Versorgung und Diagnosem\u00f6glichkeiten st\u00e4rker eingeschr\u00e4nkt ist. Gr\u00fcnde daf\u00fcr sind soziale Gesundheitsdeterminanten, etwa die sozio\u00f6konomischen und kulturellen Bedingungen, die traumatisierenden Umst\u00e4nde, die zur Flucht des Herkunftslandes f\u00fchrten oder w\u00e4hrend der Reise erlebt wurden, und auch die Lebensbedingungen in der Schweiz.&#8221;<\/p><\/blockquote>\n","protected":false},"excerpt":{"rendered":"<p>Author(s) : Mara Abriel, Z\u00e9nia Fisler, Maeva Reber, Lorena Scagnetti&#8230;<\/p>\n","protected":false},"author":4,"featured_media":0,"comment_status":"open","ping_status":"open","sticky":false,"template":"","format":"standard","meta":{"_kadence_starter_templates_imported_post":false,"_kad_post_transparent":"","_kad_post_title":"","_kad_post_layout":"","_kad_post_sidebar_id":"","_kad_post_content_style":"","_kad_post_vertical_padding":"","_kad_post_feature":"","_kad_post_feature_position":"","_kad_post_header":false,"_kad_post_footer":false,"_kad_post_classname":"","jetpack_post_was_ever_published":false,"_jetpack_newsletter_access":"","_jetpack_dont_email_post_to_subs":false,"_jetpack_newsletter_tier_id":0,"_jetpack_memberships_contains_paywalled_content":false,"_jetpack_memberships_contains_paid_content":false,"footnotes":""},"categories":[59],"tags":[739,556,50,57,73,157,473,185,284,186,339,103,262],"class_list":["post-36009","post","type-post","status-publish","format-standard","hentry","category-health","tag-739","tag-access-to-health-care","tag-asylum-seekers","tag-comparative-analysis","tag-german-language","tag-health-care","tag-medical-screening","tag-mental-health","tag-neuchatel","tag-psychiatry","tag-psychological-problems","tag-refugees","tag-undocumented-immigrants"],"jetpack_featured_media_url":"","jetpack_sharing_enabled":true,"_links":{"self":[{"href":"https:\/\/swissmig.unine.ch\/index.php?rest_route=\/wp\/v2\/posts\/36009","targetHints":{"allow":["GET"]}}],"collection":[{"href":"https:\/\/swissmig.unine.ch\/index.php?rest_route=\/wp\/v2\/posts"}],"about":[{"href":"https:\/\/swissmig.unine.ch\/index.php?rest_route=\/wp\/v2\/types\/post"}],"author":[{"embeddable":true,"href":"https:\/\/swissmig.unine.ch\/index.php?rest_route=\/wp\/v2\/users\/4"}],"replies":[{"embeddable":true,"href":"https:\/\/swissmig.unine.ch\/index.php?rest_route=%2Fwp%2Fv2%2Fcomments&post=36009"}],"version-history":[{"count":0,"href":"https:\/\/swissmig.unine.ch\/index.php?rest_route=\/wp\/v2\/posts\/36009\/revisions"}],"wp:attachment":[{"href":"https:\/\/swissmig.unine.ch\/index.php?rest_route=%2Fwp%2Fv2%2Fmedia&parent=36009"}],"wp:term":[{"taxonomy":"category","embeddable":true,"href":"https:\/\/swissmig.unine.ch\/index.php?rest_route=%2Fwp%2Fv2%2Fcategories&post=36009"},{"taxonomy":"post_tag","embeddable":true,"href":"https:\/\/swissmig.unine.ch\/index.php?rest_route=%2Fwp%2Fv2%2Ftags&post=36009"}],"curies":[{"name":"wp","href":"https:\/\/api.w.org\/{rel}","templated":true}]}}