{"id":35975,"date":"2023-12-04T08:00:00","date_gmt":"2023-12-04T07:00:00","guid":{"rendered":"https:\/\/swissmig.wordpress.com\/?p=35975"},"modified":"2023-12-04T08:00:00","modified_gmt":"2023-12-04T07:00:00","slug":"sans-papiers-sind-ein-teil-der-bevolkerung-die-stadt-zurich-und-die-zuri-city-card","status":"publish","type":"post","link":"https:\/\/swissmig.unine.ch\/?p=35975","title":{"rendered":"Sans-Papiers sind ein Teil der Bev\u00f6lkerung: Die Stadt Z\u00fcrich und die Z\u00fcri City Card"},"content":{"rendered":"<h3>Author(s) : Adamo Antoniadis, Christof Meier<\/h3>\n<h3>Source : <a href=\"https:\/\/doi.org\/10.2307\/jj.5076207.20\" target=\"_blank\" rel=\"noopener\">https:\/\/doi.org\/10.2307\/jj.5076207.20<\/a><\/h3>\n<p><strong>Abstract: <\/strong><!--more--><\/p>\n<blockquote><p>&#8220;In der Stadt Z\u00fcrich leben sch\u00e4tzungsweise 10.000 Personen ohne ausl\u00e4nderrechtlich g\u00fcltigen Aufenthaltstitel. Sie werden in der Schweiz als Sans-Papiers bezeichnet und r\u00fcckten aufgrund des Engagements zivilgesellschaftlicher Organisationen in den letzten Jahren st\u00e4rker ins \u00f6ffentliche Bewusstsein. Dadurch ver\u00e4nderte sich die st\u00e4dtische Politik. Sie entwickelte sich von einer \u201eleisen\u201c, pragmatischen Politik zu einer auch sichtbar engagierten Politik, in der die gegebene Realit\u00e4t und die Verpflichtung gegen\u00fcber Grund- und Menschenrechten im Vordergrund stehen. Dieser politischen Linie mehrheitlich folgend, bewilligte die Z\u00fcrcher Stimmbev\u00f6lkerung im Mai 2022 einen Rahmenkredit f\u00fcr die Vorbereitungsarbeiten zu einer Z\u00fcri City-Card. Diese Entwicklungen werden in diesem Beitrag beschrieben.&#8221;<\/p><\/blockquote>\n","protected":false},"excerpt":{"rendered":"<p>Author(s) : Adamo Antoniadis, Christof Meier Source : https:\/\/doi.org\/10.2307\/jj.5076207.20 Abstract:<\/p>\n","protected":false},"author":4,"featured_media":0,"comment_status":"open","ping_status":"open","sticky":false,"template":"","format":"standard","meta":{"_kadence_starter_templates_imported_post":false,"_kad_post_transparent":"","_kad_post_title":"","_kad_post_layout":"","_kad_post_sidebar_id":"","_kad_post_content_style":"","_kad_post_vertical_padding":"","_kad_post_feature":"","_kad_post_feature_position":"","_kad_post_header":false,"_kad_post_footer":false,"_kad_post_classname":"","jetpack_post_was_ever_published":false,"_jetpack_newsletter_access":"","_jetpack_dont_email_post_to_subs":false,"_jetpack_newsletter_tier_id":0,"_jetpack_memberships_contains_paywalled_content":false,"_jetpack_memberships_contains_paid_content":false,"footnotes":""},"categories":[24],"tags":[739,37,73,128,133,90,103,91,262,392,246],"class_list":["post-35975","post","type-post","status-publish","format-standard","hentry","category-society-family-racism","tag-739","tag-attitudes-towards-migrants","tag-german-language","tag-human-rights","tag-immigrant-policy","tag-reception-policy","tag-refugees","tag-social-integration","tag-undocumented-immigrants","tag-urban-policy","tag-zurich"],"jetpack_featured_media_url":"","jetpack_sharing_enabled":true,"_links":{"self":[{"href":"https:\/\/swissmig.unine.ch\/index.php?rest_route=\/wp\/v2\/posts\/35975","targetHints":{"allow":["GET"]}}],"collection":[{"href":"https:\/\/swissmig.unine.ch\/index.php?rest_route=\/wp\/v2\/posts"}],"about":[{"href":"https:\/\/swissmig.unine.ch\/index.php?rest_route=\/wp\/v2\/types\/post"}],"author":[{"embeddable":true,"href":"https:\/\/swissmig.unine.ch\/index.php?rest_route=\/wp\/v2\/users\/4"}],"replies":[{"embeddable":true,"href":"https:\/\/swissmig.unine.ch\/index.php?rest_route=%2Fwp%2Fv2%2Fcomments&post=35975"}],"version-history":[{"count":0,"href":"https:\/\/swissmig.unine.ch\/index.php?rest_route=\/wp\/v2\/posts\/35975\/revisions"}],"wp:attachment":[{"href":"https:\/\/swissmig.unine.ch\/index.php?rest_route=%2Fwp%2Fv2%2Fmedia&parent=35975"}],"wp:term":[{"taxonomy":"category","embeddable":true,"href":"https:\/\/swissmig.unine.ch\/index.php?rest_route=%2Fwp%2Fv2%2Fcategories&post=35975"},{"taxonomy":"post_tag","embeddable":true,"href":"https:\/\/swissmig.unine.ch\/index.php?rest_route=%2Fwp%2Fv2%2Ftags&post=35975"}],"curies":[{"name":"wp","href":"https:\/\/api.w.org\/{rel}","templated":true}]}}