{"id":35955,"date":"2023-12-04T08:00:00","date_gmt":"2023-12-04T07:00:00","guid":{"rendered":"https:\/\/swissmig.wordpress.com\/?p=35955"},"modified":"2023-12-04T08:00:00","modified_gmt":"2023-12-04T07:00:00","slug":"lutte-contre-les-discriminations-a-lembauche-les-mesures-volontaires-mises-en-oeuvre-par-les-employeurs-en-suisse","status":"publish","type":"post","link":"https:\/\/swissmig.unine.ch\/?p=35955","title":{"rendered":"Lutte contre les discriminations \u00e0 l&#8217;embauche : les mesures volontaires mises en oeuvre par les employeurs en Suisse"},"content":{"rendered":"<h3>Author(s) : Silvia Sch\u00f6nenberger, Rosita Fibbi<\/h3>\n<h3>Source : <a href=\"https:\/\/www.edi.admin.ch\/dam\/edi\/fr\/dokumente\/FRB\/Broschueren\/Arbeitswelt\/diskriminierungsbekaempfungbeiderpersonalrekrutierung.pdf.download.pdf\/lutte_contre_lesdiscriminationsalembauche.pdf\" target=\"_blank\" rel=\"noopener\">https:\/\/www.edi.admin.ch\/dam\/edi\/fr\/dokumente\/FRB\/Broschueren\/Arbeitswelt\/diskriminierungsbekaempfungbeiderpersonalrekrutierung.pdf.download.pdf\/lutte_contre_lesdiscriminationsalembauche.pdf<\/a><\/h3>\n<h3><strong>Abstract: <\/strong><!--more--><\/h3>\n<blockquote>\n<div class=\"col-md-2-grid-12 order-1 order-sm-0\">&#8220;L<span class=\"ng-star-inserted\"><span class=\"text-value\">a Suisse a affirm\u00e9 sa d\u00e9termination \u00e0 lutter contre les traitements in\u00e9gaux en adh\u00e9rant \u00e0 la plupart des instruments internationaux visant \u00e0 bannir les discriminations. Elle est aujourd\u2019hui<\/span><\/span><\/div>\n<div class=\"col-md-2-grid-12 order-1 order-sm-0\"><span class=\"ng-star-inserted\"><span class=\"text-value\">confront\u00e9e, comme bien d\u2019autres pays, au d\u00e9fi de traduire, dans la pratique, ses profondes convictions d\u00e9mocratiques \u00e0 un moment durant lequel le tissu social devient de plus en plus pluriel. C\u2019est dans cet esprit que le Service de lutte contre le racisme et le Bureau f\u00e9d\u00e9ral de l\u2019\u00e9galit\u00e9 pour les personnes handicap\u00e9es ont confi\u00e9, au Forum suisse pour l\u2019\u00e9tude des migrations et de la population de l\u2019Universit\u00e9 de Neuch\u00e2tel, le mandat de r\u00e9aliser une \u00e9tude des mesures de lutte contre les traitements in\u00e9gaux dans le monde du travail. Celle-ci se focalise exclusivement sur la question de l\u2019acc\u00e8s \u00e0 l\u2019emploi.<\/span><\/span>&#8220;<\/div>\n<\/blockquote>\n","protected":false},"excerpt":{"rendered":"<p>Author(s) : Silvia Sch\u00f6nenberger, Rosita Fibbi Source : https:\/\/www.edi.admin.ch\/dam\/edi\/fr\/dokumente\/FRB\/Broschueren\/Arbeitswelt\/diskriminierungsbekaempfungbeiderpersonalrekrutierung.pdf.download.pdf\/lutte_contre_lesdiscriminationsalembauche.pdf Abstract:<\/p>\n","protected":false},"author":4,"featured_media":0,"comment_status":"open","ping_status":"open","sticky":false,"template":"","format":"standard","meta":{"_kadence_starter_templates_imported_post":false,"_kad_post_transparent":"","_kad_post_title":"","_kad_post_layout":"","_kad_post_sidebar_id":"","_kad_post_content_style":"","_kad_post_vertical_padding":"","_kad_post_feature":"","_kad_post_feature_position":"","_kad_post_header":false,"_kad_post_footer":false,"_kad_post_classname":"","jetpack_post_was_ever_published":false,"_jetpack_newsletter_access":"","_jetpack_dont_email_post_to_subs":false,"_jetpack_newsletter_tier_id":0,"_jetpack_memberships_contains_paywalled_content":false,"_jetpack_memberships_contains_paid_content":false,"footnotes":""},"categories":[16],"tags":[256,362,176,82,52,19,345,716],"class_list":["post-35955","post","type-post","status-publish","format-standard","hentry","category-economics","tag-256","tag-access-to-employment","tag-economic-integration","tag-ethnic-discrimination","tag-french-language","tag-labour-market","tag-measurement","tag-sfm"],"jetpack_featured_media_url":"","jetpack_sharing_enabled":true,"_links":{"self":[{"href":"https:\/\/swissmig.unine.ch\/index.php?rest_route=\/wp\/v2\/posts\/35955","targetHints":{"allow":["GET"]}}],"collection":[{"href":"https:\/\/swissmig.unine.ch\/index.php?rest_route=\/wp\/v2\/posts"}],"about":[{"href":"https:\/\/swissmig.unine.ch\/index.php?rest_route=\/wp\/v2\/types\/post"}],"author":[{"embeddable":true,"href":"https:\/\/swissmig.unine.ch\/index.php?rest_route=\/wp\/v2\/users\/4"}],"replies":[{"embeddable":true,"href":"https:\/\/swissmig.unine.ch\/index.php?rest_route=%2Fwp%2Fv2%2Fcomments&post=35955"}],"version-history":[{"count":0,"href":"https:\/\/swissmig.unine.ch\/index.php?rest_route=\/wp\/v2\/posts\/35955\/revisions"}],"wp:attachment":[{"href":"https:\/\/swissmig.unine.ch\/index.php?rest_route=%2Fwp%2Fv2%2Fmedia&parent=35955"}],"wp:term":[{"taxonomy":"category","embeddable":true,"href":"https:\/\/swissmig.unine.ch\/index.php?rest_route=%2Fwp%2Fv2%2Fcategories&post=35955"},{"taxonomy":"post_tag","embeddable":true,"href":"https:\/\/swissmig.unine.ch\/index.php?rest_route=%2Fwp%2Fv2%2Ftags&post=35955"}],"curies":[{"name":"wp","href":"https:\/\/api.w.org\/{rel}","templated":true}]}}