{"id":35950,"date":"2023-12-04T08:00:00","date_gmt":"2023-12-04T07:00:00","guid":{"rendered":"https:\/\/swissmig.wordpress.com\/?p=35950"},"modified":"2023-12-04T08:00:00","modified_gmt":"2023-12-04T07:00:00","slug":"enseigner-dans-un-contexte-de-neutralite-en-suisse","status":"publish","type":"post","link":"https:\/\/swissmig.unine.ch\/?p=35950","title":{"rendered":"Enseigner dans un contexte de neutralit\u00e9 en Suisse : entre ouverture \u00e0 l\u2019alt\u00e9rit\u00e9 et approches normatives"},"content":{"rendered":"<h3>Author(s) : Nicole Durisch Gauthier, Sybille Rouiller<\/h3>\n<h3>Source : <a href=\"https:\/\/orfee.hepl.ch\/handle\/20.500.12162\/6949\" target=\"_blank\" rel=\"noopener\">https:\/\/orfee.hepl.ch\/handle\/20.500.12162\/6949<\/a><\/h3>\n<p><strong>Abstract: <\/strong><!--more--><\/p>\n<blockquote>\n<div class=\"col-md-2-grid-12 order-1 order-sm-0\">&#8220;La Suisse est un \u00c9tat f\u00e9d\u00e9raliste dans lequel, en vertu du principe de subsidiarit\u00e9, les rapports entre l\u2019\u00c9tat et les communaut\u00e9s religieuses ainsi que l\u2019\u00e9ducation scolaire (y compris la formation des enseignants) rel\u00e8vent de la comp\u00e9tence cantonale. Sur les 26 cantons que compte la Suisse, le principe de la\u00efcit\u00e9 est inscrit dans la constitution cantonale de 2 d\u2019entre eux seulement \u2013 Gen\u00e8ve et Neuch\u00e2tel. Ce n\u2019est pas le cas dans le canton de Vaud, dans lequel nous avons conduit nos enqu\u00eates : celui-ci fonctionne selon un r\u00e9gime de neutralit\u00e9 religieuse, qui permet \u00e0 l\u2019\u00c9tat d\u2019octroyer des pr\u00e9rogatives \u00e0 certaines communaut\u00e9s religieuses \u2013 par exemple, versement de subventions publiques de fonctionnement aux \u00c9glises reconnues de droit public, acc\u00e8s aux \u00e9coles accord\u00e9 aux \u00c9glises (aum\u00f4neries et visites de classe) ou partenariat dans la gestion de services sociaux.&#8221;<\/div>\n<\/blockquote>\n","protected":false},"excerpt":{"rendered":"<p>Author(s) : Nicole Durisch Gauthier, Sybille Rouiller Source : https:\/\/orfee.hepl.ch\/handle\/20.500.12162\/6949&#8230;<\/p>\n","protected":false},"author":4,"featured_media":0,"comment_status":"open","ping_status":"open","sticky":false,"template":"","format":"standard","meta":{"_kadence_starter_templates_imported_post":false,"_kad_post_transparent":"","_kad_post_title":"","_kad_post_layout":"","_kad_post_sidebar_id":"","_kad_post_content_style":"","_kad_post_vertical_padding":"","_kad_post_feature":"","_kad_post_feature_position":"","_kad_post_header":false,"_kad_post_footer":false,"_kad_post_classname":"","jetpack_post_was_ever_published":false,"_jetpack_newsletter_access":"","_jetpack_dont_email_post_to_subs":false,"_jetpack_newsletter_tier_id":0,"_jetpack_memberships_contains_paywalled_content":false,"_jetpack_memberships_contains_paid_content":false,"footnotes":""},"categories":[167],"tags":[739,32,57,78,259,52,114,168,363,683,370],"class_list":["post-35950","post","type-post","status-publish","format-standard","hentry","category-ethnicity-languages-religion-arts","tag-739","tag-book-chapter","tag-comparative-analysis","tag-educational-system","tag-ethnicity","tag-french-language","tag-intercultural-education","tag-religious-practice","tag-school","tag-secularism","tag-vaud"],"jetpack_featured_media_url":"","jetpack_sharing_enabled":true,"_links":{"self":[{"href":"https:\/\/swissmig.unine.ch\/index.php?rest_route=\/wp\/v2\/posts\/35950","targetHints":{"allow":["GET"]}}],"collection":[{"href":"https:\/\/swissmig.unine.ch\/index.php?rest_route=\/wp\/v2\/posts"}],"about":[{"href":"https:\/\/swissmig.unine.ch\/index.php?rest_route=\/wp\/v2\/types\/post"}],"author":[{"embeddable":true,"href":"https:\/\/swissmig.unine.ch\/index.php?rest_route=\/wp\/v2\/users\/4"}],"replies":[{"embeddable":true,"href":"https:\/\/swissmig.unine.ch\/index.php?rest_route=%2Fwp%2Fv2%2Fcomments&post=35950"}],"version-history":[{"count":0,"href":"https:\/\/swissmig.unine.ch\/index.php?rest_route=\/wp\/v2\/posts\/35950\/revisions"}],"wp:attachment":[{"href":"https:\/\/swissmig.unine.ch\/index.php?rest_route=%2Fwp%2Fv2%2Fmedia&parent=35950"}],"wp:term":[{"taxonomy":"category","embeddable":true,"href":"https:\/\/swissmig.unine.ch\/index.php?rest_route=%2Fwp%2Fv2%2Fcategories&post=35950"},{"taxonomy":"post_tag","embeddable":true,"href":"https:\/\/swissmig.unine.ch\/index.php?rest_route=%2Fwp%2Fv2%2Ftags&post=35950"}],"curies":[{"name":"wp","href":"https:\/\/api.w.org\/{rel}","templated":true}]}}