{"id":35937,"date":"2023-11-27T08:00:00","date_gmt":"2023-11-27T07:00:00","guid":{"rendered":"https:\/\/swissmig.wordpress.com\/?p=35937"},"modified":"2023-11-27T08:00:00","modified_gmt":"2023-11-27T07:00:00","slug":"lhabitat-inhabitable-le-sous%e2%80%91terrain-comme-lieu-de-vie-uninhabitable-habitat-the-underground-as-living-place","status":"publish","type":"post","link":"https:\/\/swissmig.unine.ch\/?p=35937","title":{"rendered":"L\u2019Habitat inhabitable\u00a0: le\u00a0sous\u2011terrain comme lieu de\u00a0vie \/ Uninhabitable Habitat: The Underground as Living\u00a0Place"},"content":{"rendered":"<h3>Author(s) : Marie Trossat<\/h3>\n<h3>Source : <a href=\"https:\/\/doi.org\/10.4000\/ambiances.4334\" target=\"_blank\" rel=\"noopener\">https:\/\/doi.org\/10.4000\/ambiances.4334<\/a><\/h3>\n<p><strong>Abstract: <\/strong><!--more--><\/p>\n<blockquote>\n<div class=\"col-md-2-grid-12 order-1 order-sm-0\">&#8220;\u00c0 partir d\u2019une enqu\u00eate sur l\u2019habitabilit\u00e9 de l\u2019espace souterrain, l\u2019article inaugure une discussion autour du concept de l\u2019\u00ab habitat inhabitable \u00bb. Si nous argumentons que l\u2019espace souterrain est fondamentalement inhabitable et ne peut \u00eatre programm\u00e9 comme habitat m\u00eame dans des formes dites temporaires, notre but sera d\u2019interroger sur quoi reposent les seuils d\u2019acceptabilit\u00e9. \u00c0 partir de la description de trois espaces souterrains habit\u00e9s \u2014 les abris de la Protection civile \u00e0 Gen\u00e8ve en 1999 et de 2004 \u00e0 2018, l\u2019espace z\u00e9ro de la Gare du Nord \u00e0 Bruxelles de 2016 \u00e0 2019 et les tunnels de chauffage \u00e0 Bucarest de 1990 jusqu\u2019en 2015 \u2014, l\u2019article propose de mettre en lumi\u00e8re les conditions de vie de ces espaces vis-\u00e0-vis du statut de leurs occupant.e.s, la g\u00e9n\u00e9alogie de leurs occupations, leurs modalit\u00e9s de gestion et les ambiances qui en r\u00e9sultent. Le caract\u00e8re inhabitable de l\u2019espace souterrain repose sur les ambiances et les symboliques qui lui sont propres : il sollicite des th\u00e8mes tels que l\u2019atrophie, la maladie, la prison, l\u2019(in)visibilit\u00e9, la dissuasion, la violence ou la mort. En ce sens, le caract\u00e8re irrespirable de l\u2019espace souterrain ne se qualifie pas n\u00e9cessairement dans sa mat\u00e9rialit\u00e9, mais dans les injonctions qui le guident et dans la place qu\u2019il donne ou prive. Enfin, le concept d\u2019habitat inhabitable cherche \u00e0 favoriser une pens\u00e9e sur des espaces extraordinairement communs autant qu\u2019\u00e0 \u00e9tablir des leviers d\u2019action vis-\u00e0-vis des situations d\u2019ind\u00e9sirabilit\u00e9 qu\u2019ils impliquent.&#8221;<\/div>\n<div><\/div>\n<div><strong> Mots-cl\u00e9s<\/strong> : habitabilit\u00e9, habiter le sous-sol, habitat inhabitable, bunker, brutalisme, habitat temporaire, violence institutionnelle<\/div>\n<div><\/div>\n<div>&#8220;<span lang=\"en\" xml:lang=\"en\">Based on a research on the habitability of underground space, this article initiates a discussion on the concept of the \u201cuninhabitable habitat\u201d. If underground space is fundamentally uninhabitable and cannot be programmed as an habitat even in so-called temporary forms, our analysis questions the thresholds of acceptability. By describing three inhabited underground spaces \u2013 the shelters of the Civil Protection in Geneva in 1999 and from 2004 to 2018, the underground of the Gare du Nord in Brussels from 2016 to 2019 and the heating tunnels in Bucharest from 1990 to 2015 \u2013 the article sheds light on the living conditions of these spaces with regard to the status of their occupants, the genealogy of their occupations, their management modalities and the resulting ambiances. The uninhabitable character of the underground space is constituted around its own ambiances and symbolism: it calls upon themes such as atrophy, illness, prison, (in)visibility, dissuasion, violence or death. In this sense, the unbreathable character of underground space is not only qualified in its materiality, but also in the injunctions that guide it and in the place it provides or deprives. Finally, the concept of uninhabitable habitat aims at exploring the extraordinarily common of our built environment and to <\/span><span lang=\"en\" xml:lang=\"en\">establish levers for action in the situations of undesirability that it implies.&#8221;<\/span><\/div>\n<div><\/div>\n<div><strong> Keywords<\/strong>: habitability, underground housing, uninhabitable habitat, bunker, brutalism, temporary shelter, institutional violence<\/div>\n<\/blockquote>\n<div><\/div>\n","protected":false},"excerpt":{"rendered":"<p>Author(s) : Marie Trossat Source : https:\/\/doi.org\/10.4000\/ambiances.4334 Abstract:<\/p>\n","protected":false},"author":4,"featured_media":0,"comment_status":"open","ping_status":"open","sticky":false,"template":"","format":"standard","meta":{"_kadence_starter_templates_imported_post":false,"_kad_post_transparent":"","_kad_post_title":"","_kad_post_layout":"","_kad_post_sidebar_id":"","_kad_post_content_style":"","_kad_post_vertical_padding":"","_kad_post_feature":"","_kad_post_feature_position":"","_kad_post_header":false,"_kad_post_footer":false,"_kad_post_classname":"","jetpack_post_was_ever_published":false,"_jetpack_newsletter_access":"","_jetpack_dont_email_post_to_subs":false,"_jetpack_newsletter_tier_id":0,"_jetpack_memberships_contains_paywalled_content":false,"_jetpack_memberships_contains_paid_content":false,"footnotes":""},"categories":[16,109],"tags":[722,7,224,52,341,108,378,17,104,445,593,621,181,392,416],"class_list":["post-35937","post","type-post","status-publish","format-standard","hentry","category-economics","category-human-geography","tag-722","tag-article","tag-belgium","tag-french-language","tag-geneva","tag-geography","tag-housing","tag-immigrants","tag-living-conditions","tag-prisons","tag-romania","tag-street-level-bureaucracy","tag-survey","tag-urban-policy","tag-violence"],"jetpack_featured_media_url":"","jetpack_sharing_enabled":true,"_links":{"self":[{"href":"https:\/\/swissmig.unine.ch\/index.php?rest_route=\/wp\/v2\/posts\/35937","targetHints":{"allow":["GET"]}}],"collection":[{"href":"https:\/\/swissmig.unine.ch\/index.php?rest_route=\/wp\/v2\/posts"}],"about":[{"href":"https:\/\/swissmig.unine.ch\/index.php?rest_route=\/wp\/v2\/types\/post"}],"author":[{"embeddable":true,"href":"https:\/\/swissmig.unine.ch\/index.php?rest_route=\/wp\/v2\/users\/4"}],"replies":[{"embeddable":true,"href":"https:\/\/swissmig.unine.ch\/index.php?rest_route=%2Fwp%2Fv2%2Fcomments&post=35937"}],"version-history":[{"count":0,"href":"https:\/\/swissmig.unine.ch\/index.php?rest_route=\/wp\/v2\/posts\/35937\/revisions"}],"wp:attachment":[{"href":"https:\/\/swissmig.unine.ch\/index.php?rest_route=%2Fwp%2Fv2%2Fmedia&parent=35937"}],"wp:term":[{"taxonomy":"category","embeddable":true,"href":"https:\/\/swissmig.unine.ch\/index.php?rest_route=%2Fwp%2Fv2%2Fcategories&post=35937"},{"taxonomy":"post_tag","embeddable":true,"href":"https:\/\/swissmig.unine.ch\/index.php?rest_route=%2Fwp%2Fv2%2Ftags&post=35937"}],"curies":[{"name":"wp","href":"https:\/\/api.w.org\/{rel}","templated":true}]}}