{"id":35918,"date":"2023-11-20T08:00:00","date_gmt":"2023-11-20T07:00:00","guid":{"rendered":"https:\/\/swissmig.wordpress.com\/?p=35918"},"modified":"2023-11-20T08:00:00","modified_gmt":"2023-11-20T07:00:00","slug":"je-considere-limmigration-comme-une-chance","status":"publish","type":"post","link":"https:\/\/swissmig.unine.ch\/?p=35918","title":{"rendered":"Je consid\u00e8re l\u2019immigration comme une chance"},"content":{"rendered":"<h3>Author(s) : Boris Z\u00fcrcher<\/h3>\n<h3>Source : <a href=\"https:\/\/dievolkswirtschaft.ch\/content\/uploads\/2023\/09\/Web_Volkswirtschaft_03_2023_FR.pdf#page=36\" target=\"_blank\" rel=\"noopener\">https:\/\/dievolkswirtschaft.ch\/content\/uploads\/2023\/09\/Web_Volkswirtschaft_03_2023_FR.pdf#page=36<\/a><\/h3>\n<p><strong>Abstract: <\/strong><!--more--><\/p>\n<blockquote>\n<div class=\"col-md-2-grid-12 order-1 order-sm-0\">&#8220;En Suisse, il n\u2019y a pas surabondance de main-d\u2019\u0153uvre qualifi\u00e9e. C\u2019est un bon signe, estime Boris Z\u00fcrcher, chef de la Direction du travail au Secr\u00e9tariat d\u2019\u00c9tat \u00e0 l\u2019\u00e9conomie, car cela prouve que le syst\u00e8me \u00e9ducatif ne passe pas \u00e0 c\u00f4t\u00e9 des besoins du march\u00e9. Pour lui, l\u2019immigration est une chance pour la Suisse.&#8221;<\/div>\n<\/blockquote>\n","protected":false},"excerpt":{"rendered":"<p>Author(s) : Boris Z\u00fcrcher Source : https:\/\/dievolkswirtschaft.ch\/content\/uploads\/2023\/09\/Web_Volkswirtschaft_03_2023_FR.pdf#page=36 Abstract:<\/p>\n","protected":false},"author":4,"featured_media":0,"comment_status":"open","ping_status":"open","sticky":false,"template":"","format":"standard","meta":{"_kadence_starter_templates_imported_post":false,"_kad_post_transparent":"","_kad_post_title":"","_kad_post_layout":"","_kad_post_sidebar_id":"","_kad_post_content_style":"","_kad_post_vertical_padding":"","_kad_post_feature":"","_kad_post_feature_position":"","_kad_post_header":false,"_kad_post_footer":false,"_kad_post_classname":"","jetpack_post_was_ever_published":false,"_jetpack_newsletter_access":"","_jetpack_dont_email_post_to_subs":false,"_jetpack_newsletter_tier_id":0,"_jetpack_memberships_contains_paywalled_content":false,"_jetpack_memberships_contains_paid_content":false,"footnotes":""},"categories":[16],"tags":[739,7,176,52,55,17,154,19,83],"class_list":["post-35918","post","type-post","status-publish","format-standard","hentry","category-economics","tag-739","tag-article","tag-economic-integration","tag-french-language","tag-high-skilled-immigrants","tag-immigrants","tag-interviews","tag-labour-market","tag-labour-market-policy"],"jetpack_featured_media_url":"","jetpack_sharing_enabled":true,"_links":{"self":[{"href":"https:\/\/swissmig.unine.ch\/index.php?rest_route=\/wp\/v2\/posts\/35918","targetHints":{"allow":["GET"]}}],"collection":[{"href":"https:\/\/swissmig.unine.ch\/index.php?rest_route=\/wp\/v2\/posts"}],"about":[{"href":"https:\/\/swissmig.unine.ch\/index.php?rest_route=\/wp\/v2\/types\/post"}],"author":[{"embeddable":true,"href":"https:\/\/swissmig.unine.ch\/index.php?rest_route=\/wp\/v2\/users\/4"}],"replies":[{"embeddable":true,"href":"https:\/\/swissmig.unine.ch\/index.php?rest_route=%2Fwp%2Fv2%2Fcomments&post=35918"}],"version-history":[{"count":0,"href":"https:\/\/swissmig.unine.ch\/index.php?rest_route=\/wp\/v2\/posts\/35918\/revisions"}],"wp:attachment":[{"href":"https:\/\/swissmig.unine.ch\/index.php?rest_route=%2Fwp%2Fv2%2Fmedia&parent=35918"}],"wp:term":[{"taxonomy":"category","embeddable":true,"href":"https:\/\/swissmig.unine.ch\/index.php?rest_route=%2Fwp%2Fv2%2Fcategories&post=35918"},{"taxonomy":"post_tag","embeddable":true,"href":"https:\/\/swissmig.unine.ch\/index.php?rest_route=%2Fwp%2Fv2%2Ftags&post=35918"}],"curies":[{"name":"wp","href":"https:\/\/api.w.org\/{rel}","templated":true}]}}