{"id":35912,"date":"2023-11-13T08:00:00","date_gmt":"2023-11-13T07:00:00","guid":{"rendered":"https:\/\/swissmig.wordpress.com\/?p=35912"},"modified":"2023-11-13T08:00:00","modified_gmt":"2023-11-13T07:00:00","slug":"un-lieu-materiel-comme-ressource-dans-la-trajectoire-de-vie-de-migrants-kurdes-le-cas-dune-association-culturelle-a-la-chaux-de-fonds","status":"publish","type":"post","link":"https:\/\/swissmig.unine.ch\/?p=35912","title":{"rendered":"Un lieu mat\u00e9riel comme ressource dans la trajectoire de vie de migrants kurdes : le cas d&#8217;une association culturelle \u00e0 La Chaux-de-Fonds"},"content":{"rendered":"<h3>Author(s) : Meltem Torun<\/h3>\n<h3>Source : <a href=\"https:\/\/libra.unine.ch\/handle\/123456789\/2265\" target=\"_blank\" rel=\"noopener\">https:\/\/libra.unine.ch\/handle\/123456789\/2265<\/a><\/h3>\n<p><strong>Abstract: <\/strong><!--more--><\/p>\n<blockquote>\n<div class=\"col-md-2-grid-12 order-1 order-sm-0\">&#8220;<span class=\"ng-star-inserted\"><span class=\"text-value\">En janvier 2018, l\u2019association culturelle des Al\u00e9vis (AKD) a \u00e9t\u00e9 cr\u00e9\u00e9e \u00e0 La Chaux- de-Fonds. Cette association permet \u00e0 cette communaut\u00e9 de se r\u00e9unir et est devenue un lieu de partage. C\u2019est sur ce terrain que cette \u00e9tude s\u2019est d\u00e9roul\u00e9e et a suscit\u00e9 la question de recherche suivante : quels sont les changements observ\u00e9s par les migrants Kurdes al\u00e9vis engendr\u00e9s par leurs fr\u00e9quentations de l\u2019association et quelles sont les ressources qu\u2019ils mobilisent dans ces changements ?. Pour r\u00e9pondre \u00e0 cette question, le cadre et les concepts th\u00e9oriques tels que \u00abla rupture\u00bb, \u00ables processus de transition\u00bb et \u00ables ressources \u00bb (Zittoun, 2008 ; 2009 ; 2012) ont \u00e9t\u00e9 retenus. Dans le cadre de cette recherche, j\u2019ai opt\u00e9 pour une m\u00e9thode qualitative. Six entretiens narratifs avec les membres de l\u2019association ont aliment\u00e9 les analyses. Les r\u00e9sultats de cette \u00e9tude montrent que l\u2019association offre des ressources psychologiques dans le d\u00e9veloppement de ces personnes. L\u2019identit\u00e9 al\u00e9vie est intens\u00e9ment repr\u00e9sent\u00e9e dans les processus de transition. En effet, l\u2019identit\u00e9 al\u00e9vie quasi-inexistante avant la cr\u00e9ation de l\u2019association, \u00e9merge apr\u00e8s la cr\u00e9ation de celle-ci \u00e0 travers la transmission culturelle et les relations interpersonnelles. De plus, ce lieu symbolique permet aux personnes de s\u2019y identifier et ainsi d\u00e9velopper leur sentiment d\u2019appartenance.<\/span><\/span>&#8220;<\/div>\n<\/blockquote>\n","protected":false},"excerpt":{"rendered":"<p>Author(s) : Meltem Torun Source : https:\/\/libra.unine.ch\/handle\/123456789\/2265 Abstract:<\/p>\n","protected":false},"author":4,"featured_media":0,"comment_status":"open","ping_status":"open","sticky":false,"template":"","format":"standard","meta":{"_kadence_starter_templates_imported_post":false,"_kad_post_transparent":"","_kad_post_title":"","_kad_post_layout":"","_kad_post_sidebar_id":"","_kad_post_content_style":"","_kad_post_vertical_padding":"","_kad_post_feature":"","_kad_post_feature_position":"","_kad_post_header":false,"_kad_post_footer":false,"_kad_post_classname":"","jetpack_post_was_ever_published":false,"_jetpack_newsletter_access":"","_jetpack_dont_email_post_to_subs":false,"_jetpack_newsletter_tier_id":0,"_jetpack_memberships_contains_paywalled_content":false,"_jetpack_memberships_contains_paid_content":false,"footnotes":""},"categories":[167],"tags":[654,119,281,483,151,121,259,52,419,319,394,91],"class_list":["post-35912","post","type-post","status-publish","format-standard","hentry","category-ethnicity-languages-religion-arts","tag-654","tag-associations","tag-belonging","tag-communities","tag-cultural-identity","tag-ethnic-minorities","tag-ethnicity","tag-french-language","tag-kurds","tag-master-thesis","tag-psychology","tag-social-integration"],"jetpack_featured_media_url":"","jetpack_sharing_enabled":true,"_links":{"self":[{"href":"https:\/\/swissmig.unine.ch\/index.php?rest_route=\/wp\/v2\/posts\/35912","targetHints":{"allow":["GET"]}}],"collection":[{"href":"https:\/\/swissmig.unine.ch\/index.php?rest_route=\/wp\/v2\/posts"}],"about":[{"href":"https:\/\/swissmig.unine.ch\/index.php?rest_route=\/wp\/v2\/types\/post"}],"author":[{"embeddable":true,"href":"https:\/\/swissmig.unine.ch\/index.php?rest_route=\/wp\/v2\/users\/4"}],"replies":[{"embeddable":true,"href":"https:\/\/swissmig.unine.ch\/index.php?rest_route=%2Fwp%2Fv2%2Fcomments&post=35912"}],"version-history":[{"count":0,"href":"https:\/\/swissmig.unine.ch\/index.php?rest_route=\/wp\/v2\/posts\/35912\/revisions"}],"wp:attachment":[{"href":"https:\/\/swissmig.unine.ch\/index.php?rest_route=%2Fwp%2Fv2%2Fmedia&parent=35912"}],"wp:term":[{"taxonomy":"category","embeddable":true,"href":"https:\/\/swissmig.unine.ch\/index.php?rest_route=%2Fwp%2Fv2%2Fcategories&post=35912"},{"taxonomy":"post_tag","embeddable":true,"href":"https:\/\/swissmig.unine.ch\/index.php?rest_route=%2Fwp%2Fv2%2Ftags&post=35912"}],"curies":[{"name":"wp","href":"https:\/\/api.w.org\/{rel}","templated":true}]}}