{"id":3591,"date":"2020-03-16T09:00:58","date_gmt":"2020-03-16T08:00:58","guid":{"rendered":"https:\/\/swissmig.wordpress.com\/?p=3591"},"modified":"2020-03-16T09:00:58","modified_gmt":"2020-03-16T08:00:58","slug":"les-eleves-de-deuxieme-generation-au-post-obligatoire","status":"publish","type":"post","link":"https:\/\/swissmig.unine.ch\/?p=3591","title":{"rendered":"Les \u00e9l\u00e8ves de &#8220;deuxi\u00e8me g\u00e9n\u00e9ration&#8221; au post-obligatoire"},"content":{"rendered":"<h3>Author(s) : Ana Calado<\/h3>\n<h3>Source : <a href=\"https:\/\/patrinum.ch\/record\/17565\" target=\"_blank\" rel=\"noopener\">https:\/\/patrinum.ch\/record\/17565<\/a><\/h3>\n<p><strong>Abstract: <\/strong><!--more--><\/p>\n<blockquote><p>&#8220;Ce travail s\u2019inscrit dans la discussion interculturelle actuelle dont le souci est d\u2019offrir une \u00e9cole \u00e9galitaire pour tous, en int\u00e9grant notamment la population issue de la migration. De nombreuses \u00e9tudes pr\u00e9tendent qu\u2019il y aurait un certain d\u00e9terminisme social d\u00e8s la scolarit\u00e9 obligatoire, n\u2019offrant pas les m\u00eames chances \u00e0 tous les \u00e9l\u00e8ves d\u2019apr\u00e8s leurs origines. Cela aurait pour cons\u00e9quence la sous- repr\u00e9sentation des \u00e9l\u00e8ves d\u2019origine \u00e9trang\u00e8re au secondaire II. Nous avons souhait\u00e9 v\u00e9rifier cela en nous int\u00e9ressant aux gymnasiens de \u00ab deuxi\u00e8me g\u00e9n\u00e9ration \u00bb, c\u2019est-\u00e0-dire, selon la d\u00e9finition la plus simplifi\u00e9e, ceux dont les parents, \u00e9trangers, se sont install\u00e9s en Suisse et qui ont effectu\u00e9 la plus grande partie de leur scolarit\u00e9 en Suisse. A l\u2019aide d\u2019un questionnaire soumis \u00e0 plusieurs classes d\u2019un gymnase vaudois, nous avons tent\u00e9 de voir si des diff\u00e9rences flagrantes apparaissaient entre ces \u00e9l\u00e8ves issus de l\u2019immigration et les \u00e9l\u00e8ves d\u2019origine suisse, et si tel \u00e9tait le cas, d\u2019y apporter des explications. Cette enqu\u00eate, qui n\u2019a pour seule ambition que de faire ressortir des tendances, cherche \u00e0 rep\u00e9rer certaines sp\u00e9cificit\u00e9s propres \u00e0 cette population d\u2019\u00e9l\u00e8ves, notamment en s\u2019appuyant sur la relation que leurs parents entretiennent avec leurs \u00e9tudes gymnasiales. Les r\u00e9sultats ont permis de r\u00e9futer la majorit\u00e9 des id\u00e9es re\u00e7ues autour de la question de l\u2019immigration et ont montr\u00e9 qu\u2019un effort restait \u00e0 faire en direction de l\u2019\u00e9galit\u00e9 des chances dans le domaine scolaire.&#8221;<\/p>\n<p><strong>Mots cl\u00e9s :<\/strong> \u00ab Deuxi\u00e8me g\u00e9n\u00e9ration \u00bb\u00a0; Implication des parents\u00a0; Int\u00e9gration\u00a0; Interculturalit\u00e9\u00a0; Migration\u00a0; Scolarit\u00e9 post-obligatoire<\/p><\/blockquote>\n","protected":false},"excerpt":{"rendered":"<p>Author(s) : Ana Calado Source : https:\/\/patrinum.ch\/record\/17565 Abstract:<\/p>\n","protected":false},"author":4,"featured_media":0,"comment_status":"open","ping_status":"open","sticky":false,"template":"","format":"standard","meta":{"_kadence_starter_templates_imported_post":false,"_kad_post_transparent":"","_kad_post_title":"","_kad_post_layout":"","_kad_post_sidebar_id":"","_kad_post_content_style":"","_kad_post_vertical_padding":"","_kad_post_feature":"","_kad_post_feature_position":"","_kad_post_header":false,"_kad_post_footer":false,"_kad_post_classname":"","jetpack_post_was_ever_published":false,"_jetpack_newsletter_access":"","_jetpack_dont_email_post_to_subs":false,"_jetpack_newsletter_tier_id":0,"_jetpack_memberships_contains_paywalled_content":false,"_jetpack_memberships_contains_paid_content":false,"footnotes":""},"categories":[61],"tags":[131,77,275,79,82,52,80,319,180,145,264,181,370],"class_list":["post-3591","post","type-post","status-publish","format-standard","hentry","category-education","tag-131","tag-education-policy","tag-educational-programmes","tag-equal-opportunities","tag-ethnic-discrimination","tag-french-language","tag-higher-education","tag-master-thesis","tag-multiculturalism","tag-second-generation","tag-skills","tag-survey","tag-vaud"],"jetpack_featured_media_url":"","jetpack_sharing_enabled":true,"_links":{"self":[{"href":"https:\/\/swissmig.unine.ch\/index.php?rest_route=\/wp\/v2\/posts\/3591","targetHints":{"allow":["GET"]}}],"collection":[{"href":"https:\/\/swissmig.unine.ch\/index.php?rest_route=\/wp\/v2\/posts"}],"about":[{"href":"https:\/\/swissmig.unine.ch\/index.php?rest_route=\/wp\/v2\/types\/post"}],"author":[{"embeddable":true,"href":"https:\/\/swissmig.unine.ch\/index.php?rest_route=\/wp\/v2\/users\/4"}],"replies":[{"embeddable":true,"href":"https:\/\/swissmig.unine.ch\/index.php?rest_route=%2Fwp%2Fv2%2Fcomments&post=3591"}],"version-history":[{"count":0,"href":"https:\/\/swissmig.unine.ch\/index.php?rest_route=\/wp\/v2\/posts\/3591\/revisions"}],"wp:attachment":[{"href":"https:\/\/swissmig.unine.ch\/index.php?rest_route=%2Fwp%2Fv2%2Fmedia&parent=3591"}],"wp:term":[{"taxonomy":"category","embeddable":true,"href":"https:\/\/swissmig.unine.ch\/index.php?rest_route=%2Fwp%2Fv2%2Fcategories&post=3591"},{"taxonomy":"post_tag","embeddable":true,"href":"https:\/\/swissmig.unine.ch\/index.php?rest_route=%2Fwp%2Fv2%2Ftags&post=3591"}],"curies":[{"name":"wp","href":"https:\/\/api.w.org\/{rel}","templated":true}]}}