{"id":35902,"date":"2023-11-13T08:00:00","date_gmt":"2023-11-13T07:00:00","guid":{"rendered":"https:\/\/swissmig.wordpress.com\/?p=35902"},"modified":"2023-11-13T08:00:00","modified_gmt":"2023-11-13T07:00:00","slug":"le-premier-accueil-a-travers-les-yeux-denfants-requerant-e-s-dasile-arrive-e-s-dans-le-canton-de-neuchatel-avec-un-ou-deux-parents-avec-cocreation-dun-livre","status":"publish","type":"post","link":"https:\/\/swissmig.unine.ch\/?p=35902","title":{"rendered":"Le premier accueil \u00e0 travers les yeux d&#8217;enfants requ\u00e9rant-e-s d&#8217;asile arriv\u00e9-e-s dans le canton de Neuch\u00e2tel avec un ou deux parents : avec cocr\u00e9ation d&#8217;un livre"},"content":{"rendered":"<h3><strong>Author(s)<\/strong> : Aline Jeanneret<\/h3>\n<h3>Source : <a href=\"https:\/\/libra.unine.ch\/handle\/123456789\/2668\" target=\"_blank\" rel=\"noopener\">https:\/\/libra.unine.ch\/handle\/123456789\/2668<\/a><\/h3>\n<p><strong>Abstract: <\/strong><!--more--><\/p>\n<blockquote><p>&#8220;<span class=\"ng-star-inserted\"><span class=\"text-value\">A l\u2019aide d\u2019une m\u00e9thodologie qualitative et participative, mon m\u00e9moire s\u2019int\u00e9resse \u00e0 l\u2019exp\u00e9rience du premier accueil, une des phases de la proc\u00e9dure d\u2019asile, dans le canton de Neuch\u00e2tel, en donnant la parole \u00e0 des enfants requ\u00e9rant\u00b7e\u00b7s d\u2019asile arrivant dans le canton avec un ou deux parents. Ce travail entrepris avec les enfants a n\u00e9cessit\u00e9 la prise en compte de principes \u00e9thiques menant \u00e0 une r\u00e9flexion autour principalement de la mise en place de la relation entre le\/la chercheur\u00b7euse et le\/la participant\u00b7e ainsi que de la position \u00e0 adopter en tant que chercheur\u00b7euse. Gr\u00e2ce \u00e0 une analyse th\u00e9matique, les sujets importants pour les enfants sont mis en exergue et permettent de montrer l\u2019importance de s\u2019int\u00e9resser \u00e0 l\u2019exp\u00e9rience de l\u2019enfant par lui-m\u00eame\/elle-m\u00eame et non \u00e0 travers la parole d\u2019un\u00b7e adulte, tel que par exemple ses parents, ou une th\u00e9matique pr\u00e9\u00e9tablie par le\/la chercheur\u00b7euse. Les discussions men\u00e9es lors de ce travail ont abouti \u00e0 la cocr\u00e9ation d\u2019un livre r\u00e9alis\u00e9 avec les enfants et destin\u00e9 \u00e0 ceux\/celles qui arriveront dans un centre de premier accueil du canton de Neuch\u00e2tel.<\/span><\/span>&#8220;<\/p><\/blockquote>\n","protected":false},"excerpt":{"rendered":"<p>Author(s) : Aline Jeanneret Source : https:\/\/libra.unine.ch\/handle\/123456789\/2668 Abstract:<\/p>\n","protected":false},"author":4,"featured_media":0,"comment_status":"open","ping_status":"open","sticky":false,"template":"","format":"standard","meta":{"_kadence_starter_templates_imported_post":false,"_kad_post_transparent":"","_kad_post_title":"","_kad_post_layout":"","_kad_post_sidebar_id":"","_kad_post_content_style":"","_kad_post_vertical_padding":"","_kad_post_feature":"","_kad_post_feature_position":"","_kad_post_header":false,"_kad_post_footer":false,"_kad_post_classname":"","jetpack_post_was_ever_published":false,"_jetpack_newsletter_access":"","_jetpack_dont_email_post_to_subs":false,"_jetpack_newsletter_tier_id":0,"_jetpack_memberships_contains_paywalled_content":false,"_jetpack_memberships_contains_paid_content":false,"footnotes":""},"categories":[24],"tags":[582,49,112,50,318,583,52,387,160,154,319,325,284,177,90,91],"class_list":["post-35902","post","type-post","status-publish","format-standard","hentry","category-society-family-racism","tag-582","tag-asylum-policy","tag-asylum-procedure","tag-asylum-seekers","tag-children","tag-ethics","tag-french-language","tag-integration-policy","tag-integration-programmes","tag-interviews","tag-master-thesis","tag-methodology","tag-neuchatel","tag-psychological-well-being","tag-reception-policy","tag-social-integration"],"jetpack_featured_media_url":"","jetpack_sharing_enabled":true,"_links":{"self":[{"href":"https:\/\/swissmig.unine.ch\/index.php?rest_route=\/wp\/v2\/posts\/35902","targetHints":{"allow":["GET"]}}],"collection":[{"href":"https:\/\/swissmig.unine.ch\/index.php?rest_route=\/wp\/v2\/posts"}],"about":[{"href":"https:\/\/swissmig.unine.ch\/index.php?rest_route=\/wp\/v2\/types\/post"}],"author":[{"embeddable":true,"href":"https:\/\/swissmig.unine.ch\/index.php?rest_route=\/wp\/v2\/users\/4"}],"replies":[{"embeddable":true,"href":"https:\/\/swissmig.unine.ch\/index.php?rest_route=%2Fwp%2Fv2%2Fcomments&post=35902"}],"version-history":[{"count":0,"href":"https:\/\/swissmig.unine.ch\/index.php?rest_route=\/wp\/v2\/posts\/35902\/revisions"}],"wp:attachment":[{"href":"https:\/\/swissmig.unine.ch\/index.php?rest_route=%2Fwp%2Fv2%2Fmedia&parent=35902"}],"wp:term":[{"taxonomy":"category","embeddable":true,"href":"https:\/\/swissmig.unine.ch\/index.php?rest_route=%2Fwp%2Fv2%2Fcategories&post=35902"},{"taxonomy":"post_tag","embeddable":true,"href":"https:\/\/swissmig.unine.ch\/index.php?rest_route=%2Fwp%2Fv2%2Ftags&post=35902"}],"curies":[{"name":"wp","href":"https:\/\/api.w.org\/{rel}","templated":true}]}}