{"id":359,"date":"2017-08-26T09:28:56","date_gmt":"2017-08-26T08:28:56","guid":{"rendered":"https:\/\/swissmig.wordpress.com\/?p=359"},"modified":"2017-08-26T09:28:56","modified_gmt":"2017-08-26T08:28:56","slug":"pratiques-transnationales-des-capverdiens-au-portugal-et-des-portugais-en-suisse","status":"publish","type":"post","link":"https:\/\/swissmig.unine.ch\/?p=359","title":{"rendered":"Pratiques transnationales des Capverdiens au Portugal et des Portugais en Suisse"},"content":{"rendered":"<h3>Author(s) : Jos\u00e9 Carlos Marques, Pedro G\u00f3is<\/h3>\n<h3>Source : <a href=\"http:\/\/remi.revues.org\/4592?lang=fr\" target=\"_blank\" rel=\"noopener\">http:\/\/remi.revues.org\/4592?lang=fr<\/a><\/h3>\n<p><strong>Abstract: <\/strong><!--more--><\/p>\n<div class=\"panel-pane pane-content-field pane-field-abstract\">\n<div class=\"pane-content\">\n<div class=\"field field-type-text field-field-abstract\">\n<div class=\"field-items\">\n<div class=\"field-item odd\">\n<p>Cet article a pour objectif de pr\u00e9senter les diff\u00e9rentes formes de rapport des migrants \u00e0 leur pays d\u2019origine, en identifiant celles qui peuvent \u00eatre consid\u00e9r\u00e9es comme des activit\u00e9s transnationales<a id=\"bodyftn1\" class=\"footnotecall\" href=\"http:\/\/remi.revues.org\/4592?lang=fr#ftn1\">1<\/a>. L\u2019analyse des deux mouvements migratoires, de leurs ressemblances et diff\u00e9rences dans diverses sph\u00e8res de la vie est un pr\u00e9alable n\u00e9cessaire \u00e0 l\u2019identification des pratiques transnationales d\u00e9velopp\u00e9es par les groupes de migrants \u00e9tudi\u00e9s.<\/p>\n<\/div>\n<\/div>\n<\/div>\n<\/div>\n<\/div>\n<p>&nbsp;<\/p>\n<div><\/div>\n<p>&nbsp;<\/p>\n","protected":false},"excerpt":{"rendered":"<p>Author(s) : Jos\u00e9 Carlos Marques, Pedro G\u00f3is Source : http:\/\/remi.revues.org\/4592?lang=fr&#8230;<\/p>\n","protected":false},"author":4,"featured_media":0,"comment_status":"open","ping_status":"open","sticky":false,"template":"","format":"standard","meta":{"_kadence_starter_templates_imported_post":false,"_kad_post_transparent":"","_kad_post_title":"","_kad_post_layout":"","_kad_post_sidebar_id":"","_kad_post_content_style":"","_kad_post_vertical_padding":"","_kad_post_feature":"","_kad_post_feature_position":"","_kad_post_header":false,"_kad_post_footer":false,"_kad_post_classname":"","jetpack_post_was_ever_published":false,"_jetpack_newsletter_access":"","_jetpack_dont_email_post_to_subs":false,"_jetpack_newsletter_tier_id":0,"_jetpack_memberships_contains_paywalled_content":false,"_jetpack_memberships_contains_paid_content":false,"footnotes":""},"categories":[43],"tags":[134,7,135,92,136,137,52,138,139,140,26],"class_list":["post-359","post","type-post","status-publish","format-standard","hentry","category-the-migration-phenomenon","tag-134","tag-article","tag-cape-verdeans","tag-country-of-origin","tag-diasporas","tag-emigration","tag-french-language","tag-migration-motives","tag-portugal","tag-portuguese","tag-transnationalism"],"jetpack_featured_media_url":"","jetpack_sharing_enabled":true,"_links":{"self":[{"href":"https:\/\/swissmig.unine.ch\/index.php?rest_route=\/wp\/v2\/posts\/359","targetHints":{"allow":["GET"]}}],"collection":[{"href":"https:\/\/swissmig.unine.ch\/index.php?rest_route=\/wp\/v2\/posts"}],"about":[{"href":"https:\/\/swissmig.unine.ch\/index.php?rest_route=\/wp\/v2\/types\/post"}],"author":[{"embeddable":true,"href":"https:\/\/swissmig.unine.ch\/index.php?rest_route=\/wp\/v2\/users\/4"}],"replies":[{"embeddable":true,"href":"https:\/\/swissmig.unine.ch\/index.php?rest_route=%2Fwp%2Fv2%2Fcomments&post=359"}],"version-history":[{"count":0,"href":"https:\/\/swissmig.unine.ch\/index.php?rest_route=\/wp\/v2\/posts\/359\/revisions"}],"wp:attachment":[{"href":"https:\/\/swissmig.unine.ch\/index.php?rest_route=%2Fwp%2Fv2%2Fmedia&parent=359"}],"wp:term":[{"taxonomy":"category","embeddable":true,"href":"https:\/\/swissmig.unine.ch\/index.php?rest_route=%2Fwp%2Fv2%2Fcategories&post=359"},{"taxonomy":"post_tag","embeddable":true,"href":"https:\/\/swissmig.unine.ch\/index.php?rest_route=%2Fwp%2Fv2%2Ftags&post=359"}],"curies":[{"name":"wp","href":"https:\/\/api.w.org\/{rel}","templated":true}]}}