{"id":35890,"date":"2023-11-06T09:00:00","date_gmt":"2023-11-06T08:00:00","guid":{"rendered":"https:\/\/swissmig.wordpress.com\/?p=35890"},"modified":"2023-11-06T09:00:00","modified_gmt":"2023-11-06T08:00:00","slug":"notre-systeme-de-sante-ny-echappe-pas","status":"publish","type":"post","link":"https:\/\/swissmig.unine.ch\/?p=35890","title":{"rendered":"Notre syst\u00e8me de sant\u00e9 n&#8217;y \u00e9chappe pas"},"content":{"rendered":"<h3>Author(s) : Santina Russo<\/h3>\n<h3>Source : <a href=\"https:\/\/saez.swisshealthweb.ch\/fr\/article\/doi\/bms.2023.22092\" target=\"_blank\" rel=\"noopener\">https:\/\/saez.swisshealthweb.ch\/fr\/article\/doi\/bms.2023.22092<\/a><\/h3>\n<p><strong>Abstract: <\/strong><!--more--><\/p>\n<blockquote>\n<div class=\"col-md-2-grid-12 order-1 order-sm-0\"><\/div>\n<div class=\"col-md-8-grid-12\">\n<div class=\"bg-white px-2 article-wrap\">\n<div id=\"8dd53d83851f00c0e7b49529a0d9bcde7e4e5ff3\" class=\"summary mb-45\"><span class=\"character lead-bold-large\">In\u00e9galit\u00e9s<\/span> &#8211; Dans le domaine m\u00e9dical, le sujet de la discrimination \u2013 raciale ou culturelle \u2013 est d\u00e9licat \u00e0 aborder. Seules des statistiques pr\u00e9cises pourraient faire avancer la discussion, \u00e0 l\u2019image du mod\u00e8le anglo-saxon. Pourtant, \u00e0 l\u2019heure actuelle, ces donn\u00e9es font largement d\u00e9faut en Suisse.<\/div>\n<\/div>\n<\/div>\n<\/blockquote>\n","protected":false},"excerpt":{"rendered":"<p>Author(s) : Santina Russo Source : https:\/\/saez.swisshealthweb.ch\/fr\/article\/doi\/bms.2023.22092 Abstract:<\/p>\n","protected":false},"author":4,"featured_media":0,"comment_status":"open","ping_status":"open","sticky":false,"template":"","format":"standard","meta":{"_kadence_starter_templates_imported_post":false,"_kad_post_transparent":"","_kad_post_title":"","_kad_post_layout":"","_kad_post_sidebar_id":"","_kad_post_content_style":"","_kad_post_vertical_padding":"","_kad_post_feature":"","_kad_post_feature_position":"","_kad_post_header":false,"_kad_post_footer":false,"_kad_post_classname":"","jetpack_post_was_ever_published":false,"_jetpack_newsletter_access":"","_jetpack_dont_email_post_to_subs":false,"_jetpack_newsletter_tier_id":0,"_jetpack_memberships_contains_paywalled_content":false,"_jetpack_memberships_contains_paid_content":false,"footnotes":""},"categories":[24],"tags":[739,7,82,52,153,350,184,334,130],"class_list":["post-35890","post","type-post","status-publish","format-standard","hentry","category-society-family-racism","tag-739","tag-article","tag-ethnic-discrimination","tag-french-language","tag-health","tag-health-inequalities","tag-hospital","tag-racism","tag-right-to-health"],"jetpack_featured_media_url":"","jetpack_sharing_enabled":true,"_links":{"self":[{"href":"https:\/\/swissmig.unine.ch\/index.php?rest_route=\/wp\/v2\/posts\/35890","targetHints":{"allow":["GET"]}}],"collection":[{"href":"https:\/\/swissmig.unine.ch\/index.php?rest_route=\/wp\/v2\/posts"}],"about":[{"href":"https:\/\/swissmig.unine.ch\/index.php?rest_route=\/wp\/v2\/types\/post"}],"author":[{"embeddable":true,"href":"https:\/\/swissmig.unine.ch\/index.php?rest_route=\/wp\/v2\/users\/4"}],"replies":[{"embeddable":true,"href":"https:\/\/swissmig.unine.ch\/index.php?rest_route=%2Fwp%2Fv2%2Fcomments&post=35890"}],"version-history":[{"count":0,"href":"https:\/\/swissmig.unine.ch\/index.php?rest_route=\/wp\/v2\/posts\/35890\/revisions"}],"wp:attachment":[{"href":"https:\/\/swissmig.unine.ch\/index.php?rest_route=%2Fwp%2Fv2%2Fmedia&parent=35890"}],"wp:term":[{"taxonomy":"category","embeddable":true,"href":"https:\/\/swissmig.unine.ch\/index.php?rest_route=%2Fwp%2Fv2%2Fcategories&post=35890"},{"taxonomy":"post_tag","embeddable":true,"href":"https:\/\/swissmig.unine.ch\/index.php?rest_route=%2Fwp%2Fv2%2Ftags&post=35890"}],"curies":[{"name":"wp","href":"https:\/\/api.w.org\/{rel}","templated":true}]}}