{"id":35886,"date":"2023-11-06T09:00:00","date_gmt":"2023-11-06T08:00:00","guid":{"rendered":"https:\/\/swissmig.wordpress.com\/?p=35886"},"modified":"2023-11-06T09:00:00","modified_gmt":"2023-11-06T08:00:00","slug":"innere-grenzziehungen-das-nothilfe-regime-im-schweizerischen-asylsystem","status":"publish","type":"post","link":"https:\/\/swissmig.unine.ch\/?p=35886","title":{"rendered":"Innere Grenzziehungen : das Nothilfe-Regime im schweizerischen Asylsystem"},"content":{"rendered":"<h3>Author(s) : Simone Marti<\/h3>\n<h3>Source : <a href=\"http:\/\/doi.org\/10.14361\/9783839465745\" target=\"_blank\" rel=\"noopener\">http:\/\/doi.org\/10.14361\/9783839465745<\/a><\/h3>\n<p><strong>Abstract: <\/strong><!--more--><\/p>\n<blockquote><p>Nothilfelager sind Orte innerstaatlicher Grenzziehungen im europ\u00e4ischen Grenzregime. Sie schlie\u00dfen abgewiesene Gefl\u00fcchtete ein und damit aus der Gesellschaft aus. Simone Marti analysiert in einer ethnografischen Studie die herrschende \u00bbpolitische Rationalit\u00e4t\u00ab von Migrationsbeh\u00f6rden bei der Etablierung und Legitimierung des Nothilfe-Regimes. Im Fokus stehen dabei die Nothilfelager, die sie als totale Institutionen beschreibt. Zentral sind zudem die Bew\u00e4ltigungsstrategien abgewiesener Gefl\u00fcchteter gegen die Dem\u00fctigungen und Entw\u00fcrdigungen, die der institutionellen Logik der Nothilfelager innewohnen.<\/p>\n<h5><strong>Keywords<\/strong><\/h5>\n<p>Europa; Grenze; Regime; Nothilfe; Asyl; Lager; Camp; Bew\u00e4ltigung; Dem\u00fctigung; Flucht; Gefl\u00fcchtete; Migration; Politik; Kulturanthropologie; Fl\u00fcchtlingsforschung; Verwaltung; Europe; Border; Regimes; Asylum; Coping; Fleeing; Refugees; Politics; Cultural Anthropology; Refugee Studies; Administration<\/p><\/blockquote>\n","protected":false},"excerpt":{"rendered":"<p>Author(s) : Simone Marti Source : http:\/\/doi.org\/10.14361\/9783839465745 Abstract:<\/p>\n","protected":false},"author":4,"featured_media":0,"comment_status":"open","ping_status":"open","sticky":false,"template":"","format":"standard","meta":{"_kadence_starter_templates_imported_post":false,"_kad_post_transparent":"","_kad_post_title":"","_kad_post_layout":"","_kad_post_sidebar_id":"","_kad_post_content_style":"","_kad_post_vertical_padding":"","_kad_post_feature":"","_kad_post_feature_position":"","_kad_post_header":false,"_kad_post_footer":false,"_kad_post_classname":"","jetpack_post_was_ever_published":false,"_jetpack_newsletter_access":"","_jetpack_dont_email_post_to_subs":false,"_jetpack_newsletter_tier_id":0,"_jetpack_memberships_contains_paywalled_content":false,"_jetpack_memberships_contains_paid_content":false,"footnotes":""},"categories":[12],"tags":[739,49,562,51,73,104,464,102,113,314,340],"class_list":["post-35886","post","type-post","status-publish","format-standard","hentry","category-politics","tag-739","tag-asylum-policy","tag-book","tag-borders","tag-german-language","tag-living-conditions","tag-nem-nee","tag-poverty","tag-public-administration","tag-social-services","tag-social-support"],"jetpack_featured_media_url":"","jetpack_sharing_enabled":true,"_links":{"self":[{"href":"https:\/\/swissmig.unine.ch\/index.php?rest_route=\/wp\/v2\/posts\/35886","targetHints":{"allow":["GET"]}}],"collection":[{"href":"https:\/\/swissmig.unine.ch\/index.php?rest_route=\/wp\/v2\/posts"}],"about":[{"href":"https:\/\/swissmig.unine.ch\/index.php?rest_route=\/wp\/v2\/types\/post"}],"author":[{"embeddable":true,"href":"https:\/\/swissmig.unine.ch\/index.php?rest_route=\/wp\/v2\/users\/4"}],"replies":[{"embeddable":true,"href":"https:\/\/swissmig.unine.ch\/index.php?rest_route=%2Fwp%2Fv2%2Fcomments&post=35886"}],"version-history":[{"count":0,"href":"https:\/\/swissmig.unine.ch\/index.php?rest_route=\/wp\/v2\/posts\/35886\/revisions"}],"wp:attachment":[{"href":"https:\/\/swissmig.unine.ch\/index.php?rest_route=%2Fwp%2Fv2%2Fmedia&parent=35886"}],"wp:term":[{"taxonomy":"category","embeddable":true,"href":"https:\/\/swissmig.unine.ch\/index.php?rest_route=%2Fwp%2Fv2%2Fcategories&post=35886"},{"taxonomy":"post_tag","embeddable":true,"href":"https:\/\/swissmig.unine.ch\/index.php?rest_route=%2Fwp%2Fv2%2Ftags&post=35886"}],"curies":[{"name":"wp","href":"https:\/\/api.w.org\/{rel}","templated":true}]}}