{"id":35880,"date":"2023-10-30T08:00:00","date_gmt":"2023-10-30T07:00:00","guid":{"rendered":"https:\/\/swissmig.wordpress.com\/?p=35880"},"modified":"2023-10-30T08:00:00","modified_gmt":"2023-10-30T07:00:00","slug":"les-personnes-refugiees-face-aux-defis-de-lintegration-sociale-et-professionnelle-en-suisse-romande","status":"publish","type":"post","link":"https:\/\/swissmig.unine.ch\/?p=35880","title":{"rendered":"Les personnes r\u00e9fugi\u00e9es face aux d\u00e9fis de l\u2019int\u00e9gration sociale et professionnelle en Suisse romande"},"content":{"rendered":"<h3><strong>Author(s)<\/strong> : Laurence Fedrigo<\/h3>\n<h3>Source : <a href=\"https:\/\/serval.unil.ch\/notice\/serval:BIB_62CE94F1816A\" target=\"_blank\" rel=\"noopener\">https:\/\/serval.unil.ch\/notice\/serval:BIB_62CE94F1816A<\/a><\/h3>\n<p><strong>Abstract: <\/strong><!--more--><\/p>\n<blockquote><p>&#8220;Si l\u2019asile occupait d\u00e9j\u00e0 le devant de la sc\u00e8ne m\u00e9diatique depuis plus d\u2019une d\u00e9cennie, les donn\u00e9es expos\u00e9es mettent en lumi\u00e8re des chiffres records de d\u00e9placements au niveau international, avec 103 millions de personnes ayant \u00e9t\u00e9 forc\u00e9es de fuir leurs lieux de vie (Haut-Commissariat des Nations-Unies, 2022a). Les questions li\u00e9es \u00e0 l\u2019int\u00e9gration sociale et professionnelle se dressent comme des enjeux majeurs pour ces personnes, ainsi que les pays qui les accueillent. En Suisse, 121\u2019799 personnes \u00e9taient en processus d\u2019asile \u00e0 la fin de l\u2019ann\u00e9e 2022 (Secr\u00e9tariat d\u2019\u00c9tat aux migrations, 2022). L\u2019objectif de la th\u00e8se est d&#8217;offrir une compr\u00e9hension de l\u2019exp\u00e9rience d\u2019int\u00e9gration dans la soci\u00e9t\u00e9 d\u2019accueil des personnes r\u00e9fugi\u00e9es. Pour ce faire, les obstacles et les ressources per\u00e7us dans processus d\u2019int\u00e9gration socio-professionnel, la mani\u00e8re de faire des choix d\u2019orientation, de construire et de n\u00e9gocier les projets professionnels, et le rapport au travail ont \u00e9t\u00e9 investigu\u00e9s \u00e0 travers des entretiens semi-directifs, donnant lieu \u00e0 cinq articles scientifiques. Pour contextualiser le sujet, la situation de l\u2019asile dans le monde et en Suisse seront d\u2019abord pr\u00e9sent\u00e9es en abordant les probl\u00e9matiques li\u00e9es \u00e0 l\u2019int\u00e9gration sociale et professionnelle des personnes r\u00e9fugi\u00e9es, puis plus sp\u00e9cifiquement celle des femmes, puisque celles-ci semblent rencontrer des obstacles sp\u00e9cifiques. \u00c0 la suite de la pr\u00e9sentation des cinq contributions, ce travail de th\u00e8se sera conclu par une discussion g\u00e9n\u00e9rale offrant une lecture transversale des principaux r\u00e9sultats \u00e0 travers trois axes de compr\u00e9hension \u2013 la temporalit\u00e9, les Autrui et le genre \u2013 et en explicitant l\u2019apport de cette recherche. Une r\u00e9flexion sur les d\u00e9fis m\u00e9thodologiques rencontr\u00e9s lors d\u2019une recherche aupr\u00e8s d\u2019une population allophone et issue d\u2019une autre culture sera partag\u00e9e. De ces consid\u00e9rations m\u00e9thodologiques d\u00e9couleront des perspectives pour la recherche, ainsi que des implications pour les psychologues du conseil et de l\u2019orientation accompagnant les personnes r\u00e9fugi\u00e9es.&#8221;<br \/>\n&#8212;<br \/>\n&#8220;While asylum has been in the media spotlight for more than a decade, the data presented here highlights record displacement figures at the international level, with 103 million people having been forced to flee their homes (United Nations Refugee Agency, 2022a). Questions related to social and professional integration are major issues for these people, as well as for the countries that host them. In Switzerland, 121\u2019799 people were in the asylum process at the end of 2022 (State Secretariat for Migration, 2022). The goal of the thesis is to provide an understanding of the integration experience of refugee people in the host society. To do so, the obstacles and resources perceived in the process of socio-professional integration, the way they make orientation choices, build, and negotiate professional projects, and the meaning of work were investigated through semi-structured interviews, resulting in five scientific articles. To contextualize the subject, the situation of asylum in the world and in Switzerland will first be presented by addressing related the social and professional integration challenges of refugee people, and then more specifically that of women, since they seem to encounter specific obstacles. Following the presentation of the five contributions, this thesis will be concluded by a general discussion offering a transversal reading of the main results through three axes of understanding \u2013 temporality, the Others and gender \u2013 and by explaining the contribution of this research. A reflection on the methodological challenges encountered when conducting research with a population from another mother language and culture will be shared. From these methodological considerations, perspectives for the research will emerge, as well as implications for counseling and guidance psychologists accompanying refugee people.&#8221;<\/p><\/blockquote>\n","protected":false},"excerpt":{"rendered":"<p>Author(s) : Laurence Fedrigo Source : https:\/\/serval.unil.ch\/notice\/serval:BIB_62CE94F1816A Abstract:<\/p>\n","protected":false},"author":4,"featured_media":0,"comment_status":"open","ping_status":"open","sticky":false,"template":"","format":"standard","meta":{"_kadence_starter_templates_imported_post":false,"_kad_post_transparent":"","_kad_post_title":"","_kad_post_layout":"","_kad_post_sidebar_id":"","_kad_post_content_style":"","_kad_post_vertical_padding":"","_kad_post_feature":"","_kad_post_feature_position":"","_kad_post_header":false,"_kad_post_footer":false,"_kad_post_classname":"","jetpack_post_was_ever_published":false,"_jetpack_newsletter_access":"","_jetpack_dont_email_post_to_subs":false,"_jetpack_newsletter_tier_id":0,"_jetpack_memberships_contains_paywalled_content":false,"_jetpack_memberships_contains_paid_content":false,"footnotes":""},"categories":[24],"tags":[739,49,112,50,589,176,9,52,148,387,160,154,327,91,371],"class_list":["post-35880","post","type-post","status-publish","format-standard","hentry","category-society-family-racism","tag-739","tag-asylum-policy","tag-asylum-procedure","tag-asylum-seekers","tag-doctoral-thesis","tag-economic-integration","tag-english-language","tag-french-language","tag-gender","tag-integration-policy","tag-integration-programmes","tag-interviews","tag-research","tag-social-integration","tag-vocational-training"],"jetpack_featured_media_url":"","jetpack_sharing_enabled":true,"_links":{"self":[{"href":"https:\/\/swissmig.unine.ch\/index.php?rest_route=\/wp\/v2\/posts\/35880","targetHints":{"allow":["GET"]}}],"collection":[{"href":"https:\/\/swissmig.unine.ch\/index.php?rest_route=\/wp\/v2\/posts"}],"about":[{"href":"https:\/\/swissmig.unine.ch\/index.php?rest_route=\/wp\/v2\/types\/post"}],"author":[{"embeddable":true,"href":"https:\/\/swissmig.unine.ch\/index.php?rest_route=\/wp\/v2\/users\/4"}],"replies":[{"embeddable":true,"href":"https:\/\/swissmig.unine.ch\/index.php?rest_route=%2Fwp%2Fv2%2Fcomments&post=35880"}],"version-history":[{"count":0,"href":"https:\/\/swissmig.unine.ch\/index.php?rest_route=\/wp\/v2\/posts\/35880\/revisions"}],"wp:attachment":[{"href":"https:\/\/swissmig.unine.ch\/index.php?rest_route=%2Fwp%2Fv2%2Fmedia&parent=35880"}],"wp:term":[{"taxonomy":"category","embeddable":true,"href":"https:\/\/swissmig.unine.ch\/index.php?rest_route=%2Fwp%2Fv2%2Fcategories&post=35880"},{"taxonomy":"post_tag","embeddable":true,"href":"https:\/\/swissmig.unine.ch\/index.php?rest_route=%2Fwp%2Fv2%2Ftags&post=35880"}],"curies":[{"name":"wp","href":"https:\/\/api.w.org\/{rel}","templated":true}]}}