{"id":35873,"date":"2023-10-23T08:00:00","date_gmt":"2023-10-23T07:00:00","guid":{"rendered":"https:\/\/swissmig.wordpress.com\/?p=35873"},"modified":"2023-10-23T08:00:00","modified_gmt":"2023-10-23T07:00:00","slug":"soziale-bewegungen-als-transformative-akteure-im-schweizer-integrationsregime","status":"publish","type":"post","link":"https:\/\/swissmig.unine.ch\/?p=35873","title":{"rendered":"Soziale Bewegungen als transformative Akteure im Schweizer Integrationsregime"},"content":{"rendered":"<h3><strong>Author(s)<\/strong> : Sarah Schilliger,<\/h3>\n<h3>Source : <a href=\"https:\/\/boris.unibe.ch\/181277\/\" target=\"_blank\" rel=\"noopener\">https:\/\/boris.unibe.ch\/181277\/<\/a><\/h3>\n<p><strong>Abstract: integration<\/strong><!--more--><\/p>\n<blockquote><p>&#8220;In diesem Beitrag zeige ich auf, wie soziale Bewegungen und zivilgesellschaftliche Initiativen im Bereich Migration, Flucht und Antirassismus in den letzten Jahren nicht nur eine dezidierte Kritik am Schweizer Integrationsregime \u00fcbten, sondern auch alternative Konzeptionen und kreative Praktiken entwickelten, um demokratische und soziale Teilhabe von Menschen mit Migrationsgeschichte zu f\u00f6rdern. Gleichzeitig wird thematisiert, wie diese Bewegungsakteur:innen mit ihrer Praxis den l\u00e4ngst gelebten postmigrantischen Alltagsrealit\u00e4ten einen \u00f6ffentlichen Ausdruck verschaffen und dazu beitragen, Stereotypisierungen von \u00abWir und die Anderen\u00bb herauszufordern. Entsprechend k\u00f6nnen \u2013 so meine These \u2013 soziale Bewegungen als wichtige Impulsgeberinnen und als transformative Akteur:innen innerhalb des Schweizer Integrationsregime betrachtet werden.&#8221;<\/p>\n<p><strong> Keywords<\/strong>: Integrationsregime, Schweiz, soziale Bewegung, Migration<\/p><\/blockquote>\n","protected":false},"excerpt":{"rendered":"<p>Author(s) : Sarah Schilliger, Source : https:\/\/boris.unibe.ch\/181277\/ Abstract: integration<\/p>\n","protected":false},"author":4,"featured_media":0,"comment_status":"open","ping_status":"open","sticky":false,"template":"","format":"standard","meta":{"_kadence_starter_templates_imported_post":false,"_kad_post_transparent":"","_kad_post_title":"","_kad_post_layout":"","_kad_post_sidebar_id":"","_kad_post_content_style":"","_kad_post_vertical_padding":"","_kad_post_feature":"","_kad_post_feature_position":"","_kad_post_header":false,"_kad_post_footer":false,"_kad_post_classname":"","jetpack_post_was_ever_published":false,"_jetpack_newsletter_access":"","_jetpack_dont_email_post_to_subs":false,"_jetpack_newsletter_tier_id":0,"_jetpack_memberships_contains_paywalled_content":false,"_jetpack_memberships_contains_paid_content":false,"footnotes":""},"categories":[24],"tags":[739,32,575,252,73,87,387,104,591,257],"class_list":["post-35873","post","type-post","status-publish","format-standard","hentry","category-society-family-racism","tag-739","tag-book-chapter","tag-civil-society","tag-democracy","tag-german-language","tag-history","tag-integration-policy","tag-living-conditions","tag-social-movements","tag-stereotypes"],"jetpack_featured_media_url":"","jetpack_sharing_enabled":true,"_links":{"self":[{"href":"https:\/\/swissmig.unine.ch\/index.php?rest_route=\/wp\/v2\/posts\/35873","targetHints":{"allow":["GET"]}}],"collection":[{"href":"https:\/\/swissmig.unine.ch\/index.php?rest_route=\/wp\/v2\/posts"}],"about":[{"href":"https:\/\/swissmig.unine.ch\/index.php?rest_route=\/wp\/v2\/types\/post"}],"author":[{"embeddable":true,"href":"https:\/\/swissmig.unine.ch\/index.php?rest_route=\/wp\/v2\/users\/4"}],"replies":[{"embeddable":true,"href":"https:\/\/swissmig.unine.ch\/index.php?rest_route=%2Fwp%2Fv2%2Fcomments&post=35873"}],"version-history":[{"count":0,"href":"https:\/\/swissmig.unine.ch\/index.php?rest_route=\/wp\/v2\/posts\/35873\/revisions"}],"wp:attachment":[{"href":"https:\/\/swissmig.unine.ch\/index.php?rest_route=%2Fwp%2Fv2%2Fmedia&parent=35873"}],"wp:term":[{"taxonomy":"category","embeddable":true,"href":"https:\/\/swissmig.unine.ch\/index.php?rest_route=%2Fwp%2Fv2%2Fcategories&post=35873"},{"taxonomy":"post_tag","embeddable":true,"href":"https:\/\/swissmig.unine.ch\/index.php?rest_route=%2Fwp%2Fv2%2Ftags&post=35873"}],"curies":[{"name":"wp","href":"https:\/\/api.w.org\/{rel}","templated":true}]}}