{"id":35871,"date":"2023-10-23T08:00:00","date_gmt":"2023-10-23T07:00:00","guid":{"rendered":"https:\/\/swissmig.wordpress.com\/?p=35871"},"modified":"2023-10-23T08:00:00","modified_gmt":"2023-10-23T07:00:00","slug":"lemergence-de-la-question-des-etrangers-mise-au-point-sur-letat-de-lhistoriographie","status":"publish","type":"post","link":"https:\/\/swissmig.unine.ch\/?p=35871","title":{"rendered":"L&#8217;\u00e9mergence de la &#8220;question des \u00e9trangers&#8221;: mise au point sur l&#8217;\u00e9tat de l&#8217;historiographie"},"content":{"rendered":"<h3><strong>Author(s)<\/strong> : G\u00e9rald Arlettaz<\/h3>\n<h3>Source : <a href=\"https:\/\/doi.org\/10.5169\/seals-81238\" target=\"_blank\" rel=\"noopener\">https:\/\/doi.org\/10.5169\/seals-81238<\/a><\/h3>\n<p><strong>Abstract: <\/strong><!--more--><\/p>\n<blockquote><p>&#8220;L&#8217;article de Thierry Christ, intitul\u00e9 \u00abLa nationalisation de l&#8217;espace identitaire en Suisse. L&#8217;exemple de la l\u00e9gislation neuch\u00e2teloise en mati\u00e8re de naturalisation, 1848-1914\u00bb publi\u00e9 dans Die Konstruktion einer Nation. Nation und Nationalisierung in der Schweiz, 18.-20. Jahrhundert, Z\u00fcrich, Chronos, 1998, pp. 237-244, appelle quelques pr\u00e9cisions et rectifications.<br \/>\nPortant un regard sommaire sur l&#8217;historiographie suisse relative \u00e0 la \u00abquestion des \u00e9trangers\u00bb, l&#8217;auteur estime que les travaux d&#8217;Arlettaz et de Schl\u00e4pfer permettent de connaitre \u00able contenu, les enjeux et la Chronologie de ces d\u00e9bats\u00bb. En revanche, ces \u00e9tudes \u00abne disent rien sur les raisons de l\u2019\u00e9mergence de cette question\u00bb. De ce fait, T. Christ formule un certain nombre de questions auxquelles, selon lui, ces auteurs ne r\u00e9pondraient pas du tout.&#8221;<\/p><\/blockquote>\n","protected":false},"excerpt":{"rendered":"<p>Author(s) : G\u00e9rald Arlettaz Source : https:\/\/doi.org\/10.5169\/seals-81238 Abstract:<\/p>\n","protected":false},"author":4,"featured_media":0,"comment_status":"open","ping_status":"open","sticky":false,"template":"","format":"standard","meta":{"_kadence_starter_templates_imported_post":false,"_kad_post_transparent":"","_kad_post_title":"","_kad_post_layout":"","_kad_post_sidebar_id":"","_kad_post_content_style":"","_kad_post_vertical_padding":"","_kad_post_feature":"","_kad_post_feature_position":"","_kad_post_header":false,"_kad_post_footer":false,"_kad_post_classname":"","jetpack_post_was_ever_published":false,"_jetpack_newsletter_access":"","_jetpack_dont_email_post_to_subs":false,"_jetpack_newsletter_tier_id":0,"_jetpack_memberships_contains_paywalled_content":false,"_jetpack_memberships_contains_paid_content":false,"footnotes":""},"categories":[35],"tags":[432,37,151,52,122,174,93,94,327],"class_list":["post-35871","post","type-post","status-publish","format-standard","hentry","category-history","tag-432","tag-attitudes-towards-migrants","tag-cultural-identity","tag-french-language","tag-migrants","tag-nationalism","tag-naturalization","tag-political-system","tag-research"],"jetpack_featured_media_url":"","jetpack_sharing_enabled":true,"_links":{"self":[{"href":"https:\/\/swissmig.unine.ch\/index.php?rest_route=\/wp\/v2\/posts\/35871","targetHints":{"allow":["GET"]}}],"collection":[{"href":"https:\/\/swissmig.unine.ch\/index.php?rest_route=\/wp\/v2\/posts"}],"about":[{"href":"https:\/\/swissmig.unine.ch\/index.php?rest_route=\/wp\/v2\/types\/post"}],"author":[{"embeddable":true,"href":"https:\/\/swissmig.unine.ch\/index.php?rest_route=\/wp\/v2\/users\/4"}],"replies":[{"embeddable":true,"href":"https:\/\/swissmig.unine.ch\/index.php?rest_route=%2Fwp%2Fv2%2Fcomments&post=35871"}],"version-history":[{"count":0,"href":"https:\/\/swissmig.unine.ch\/index.php?rest_route=\/wp\/v2\/posts\/35871\/revisions"}],"wp:attachment":[{"href":"https:\/\/swissmig.unine.ch\/index.php?rest_route=%2Fwp%2Fv2%2Fmedia&parent=35871"}],"wp:term":[{"taxonomy":"category","embeddable":true,"href":"https:\/\/swissmig.unine.ch\/index.php?rest_route=%2Fwp%2Fv2%2Fcategories&post=35871"},{"taxonomy":"post_tag","embeddable":true,"href":"https:\/\/swissmig.unine.ch\/index.php?rest_route=%2Fwp%2Fv2%2Ftags&post=35871"}],"curies":[{"name":"wp","href":"https:\/\/api.w.org\/{rel}","templated":true}]}}